{"id":86815,"date":"2021-07-05T09:03:45","date_gmt":"2021-07-05T12:03:45","guid":{"rendered":"https:\/\/portalpopmais.com.br\/?p=86815"},"modified":"2021-07-05T09:03:49","modified_gmt":"2021-07-05T12:03:49","slug":"larissa-manoela-nega-romance-lesbico","status":"publish","type":"post","link":"https:\/\/portalpopmais.com.br\/en\/larissa-manoela-nega-romance-lesbico\/","title":{"rendered":"Ap\u00f3s boatos, Larissa Manoela nega romance l\u00e9sbico: &#8220;Sim, eu sou h\u00e9tero&#8221;"},"content":{"rendered":"<p>A atriz<strong> <a href=\"https:\/\/twitter.com\/larimanoela\" target=\"_blank\" rel=\"noreferrer noopener\">Larissa Manoela<\/a><\/strong> se pronunciou via Twitter, na noite deste domingo (4), a respeito dos rumores de que estaria vivendo um romance com sua amiga <strong>Bianca Palheiros<\/strong>.<\/p>\n\n\n\n<p>Circulou na internet que o motivo pelo qual <a href=\"https:\/\/portalpopmais.com.br\/en\/mae-larissa-manoela-unfollow-filha\/\" target=\"_blank\" data-type=\"post\" data-id=\"86778\" rel=\"noreferrer noopener\">Larissa e sua m\u00e3e haviam se desentendido<\/a> seria porque Silvana n\u00e3o aprovaria o suposto affair.<\/p>\n\n\n\n<p><em>&#8220;Gente, que coisa mais desnecess\u00e1ria ficar tendo que falar de orienta\u00e7\u00e3o sexual em pleno 2021. \u00c9 preciso ter paci\u00eancia, respirar e ser did\u00e1tica&#8221;<\/em>, come\u00e7ou ela.<\/p>\n\n\n\n<p>A atriz continua: <em>&#8220;Dito isto, n\u00e3o, n\u00e3o estou namorando a minha amiga, conforme est\u00e3o criando essa fic sem no\u00e7\u00e3o! Isso \u00e9 MENTIRA. Mulheres, ou elas s\u00e3o rivais, ou s\u00e3o namoradas?? Oi??Que mundo \u00e9 esse!!N\u00famero 1: n\u00e3o, n\u00e3o tenho relacionamento amoroso com mulheres&#8221;.<\/em><\/p>\n\n\n\n<p><em>&#8220;E seu eu tivesse, n\u00e3o teria que ser tabu. Chega de preconceito, de querer limitar o amor das pessoas. N\u00e3o tenho d\u00favidas sobre a minha orienta\u00e7\u00e3o sexual. Sim, eu sou h\u00e9tero. Esse espa\u00e7o \u00e9 meu com voc\u00eas, para n\u00e3o deixar d\u00favidas sobre mentiras e especula\u00e7\u00f5es&#8221;<\/em>, disse.<\/p>\n\n\n\n<p>Larissa Manoela ainda criticou o fato do assunto ainda ser tabu hoje em dia. <em>&#8220;N\u00e3o me relaciono com meninas. Mas isso n\u00e3o deveria ser motivo de deboche e de preconceito disfar\u00e7ado de curiosidade ou &#8220;brincadeira&#8221;. Precisamos de mais respeito!!&#8221;<\/em>, escreveu.<\/p>\n\n\n\n<p>Veja o desabafo completo:<\/p>\n\n\n\n<figure class=\"wp-block-embed aligncenter is-type-rich is-provider-twitter wp-block-embed-twitter\"><div class=\"wp-block-embed__wrapper\">\n<blockquote class=\"twitter-tweet\" data-width=\"550\" data-dnt=\"true\"><p lang=\"pt\" dir=\"ltr\">Gente, que coisa mais desnecess\u00e1ria ficar tendo que falar de orienta\u00e7\u00e3o sexual em pleno 2021. \u00c9 preciso ter paci\u00eancia, respirar e ser did\u00e1tica, como a Professora Helena (captaram o link? \ud83d\ude43).<\/p>&mdash; LARISSA MANOELA (@larimanoela) <a href=\"https:\/\/twitter.com\/larimanoela\/status\/1411893852764618752?ref_src=twsrc%5Etfw\" target=\"_blank\" rel=\"noopener\">July 5, 2021<\/a><\/blockquote><script async src=\"https:\/\/platform.twitter.com\/widgets.js\" charset=\"utf-8\"><\/script>\n<\/div><\/figure>\n\n\n\n<figure class=\"wp-block-embed aligncenter is-type-rich is-provider-twitter wp-block-embed-twitter\"><div class=\"wp-block-embed__wrapper\">\n<blockquote class=\"twitter-tweet\" data-width=\"550\" data-dnt=\"true\"><p lang=\"pt\" dir=\"ltr\">Dito isto, n\u00e3o, n\u00e3o estou namorando a minha amiga, conforme est\u00e3o criando essa fic sem no\u00e7\u00e3o! Isso \u00e9 MENTIRA. Mulheres, ou elas s\u00e3o rivais, ou s\u00e3o namoradas?? Oi??Que mundo \u00e9 esse!!N\u00famero 1:  n\u00e3o, n\u00e3o tenho relacionamento amoroso com mulheres.<\/p>&mdash; LARISSA MANOELA (@larimanoela) <a href=\"https:\/\/twitter.com\/larimanoela\/status\/1411894246202875904?ref_src=twsrc%5Etfw\" target=\"_blank\" rel=\"noopener\">July 5, 2021<\/a><\/blockquote><script async src=\"https:\/\/platform.twitter.com\/widgets.js\" charset=\"utf-8\"><\/script>\n<\/div><\/figure>\n\n\n\n<figure class=\"wp-block-embed aligncenter is-type-rich is-provider-twitter wp-block-embed-twitter\"><div class=\"wp-block-embed__wrapper\">\n<blockquote class=\"twitter-tweet\" data-width=\"550\" data-dnt=\"true\"><p lang=\"pt\" dir=\"ltr\">E seu eu tivesse, n\u00e3o teria que ser tabu. Chega de preconceito, de querer limitar o amor das pessoas. N\u00e3o tenho d\u00favidas sobre a minha orienta\u00e7\u00e3o sexual. Sim, eu sou h\u00e9tero. Esse espa\u00e7o \u00e9 meu com voc\u00eas, para n\u00e3o deixar d\u00favidas sobre mentiras e especula\u00e7\u00f5es.<\/p>&mdash; LARISSA MANOELA (@larimanoela) <a href=\"https:\/\/twitter.com\/larimanoela\/status\/1411894469373444096?ref_src=twsrc%5Etfw\" target=\"_blank\" rel=\"noopener\">July 5, 2021<\/a><\/blockquote><script async src=\"https:\/\/platform.twitter.com\/widgets.js\" charset=\"utf-8\"><\/script>\n<\/div><\/figure>\n\n\n\n<figure class=\"wp-block-embed aligncenter is-type-rich is-provider-twitter wp-block-embed-twitter\"><div class=\"wp-block-embed__wrapper\">\n<blockquote class=\"twitter-tweet\" data-width=\"550\" data-dnt=\"true\"><p lang=\"pt\" dir=\"ltr\">E acrescento: assim como j\u00e1 viajei com outras amigas, outras v\u00e3o me acompanhar. Sou aben\u00e7oada por belas e verdadeiras amizades, ainda mais em um mundo em que a superficialidade reina. Valorize seus amigos de verdade! \u2764\ufe0f<\/p>&mdash; LARISSA MANOELA (@larimanoela) <a href=\"https:\/\/twitter.com\/larimanoela\/status\/1411894762404204547?ref_src=twsrc%5Etfw\" target=\"_blank\" rel=\"noopener\">July 5, 2021<\/a><\/blockquote><script async src=\"https:\/\/platform.twitter.com\/widgets.js\" charset=\"utf-8\"><\/script>\n<\/div><\/figure>\n\n\n\n<figure class=\"wp-block-embed aligncenter is-type-rich is-provider-twitter wp-block-embed-twitter\"><div class=\"wp-block-embed__wrapper\">\n<blockquote class=\"twitter-tweet\" data-width=\"550\" data-dnt=\"true\"><p lang=\"pt\" dir=\"ltr\">Mas a quest\u00e3o n\u00e3o \u00e9 s\u00f3 essa!! \u00c9 desrespeitoso espalhar e alimentar mentiras sobre as pessoas. Ainda mais envolvendo uma amiga que n\u00e3o tem nada a ver com isso. Parem de criar mentiras!!E o que mais me chateia \u00e9 pensar: por que esse assunto ainda \u00e9 not\u00edcia??<\/p>&mdash; LARISSA MANOELA (@larimanoela) <a href=\"https:\/\/twitter.com\/larimanoela\/status\/1411894899583094786?ref_src=twsrc%5Etfw\" target=\"_blank\" rel=\"noopener\">July 5, 2021<\/a><\/blockquote><script async src=\"https:\/\/platform.twitter.com\/widgets.js\" charset=\"utf-8\"><\/script>\n<\/div><\/figure>\n\n\n\n<figure class=\"wp-block-embed aligncenter is-type-rich is-provider-twitter wp-block-embed-twitter\"><div class=\"wp-block-embed__wrapper\">\n<blockquote class=\"twitter-tweet\" data-width=\"550\" data-dnt=\"true\"><p lang=\"pt\" dir=\"ltr\">N\u00e3o me relaciono com meninas. Mas isso n\u00e3o deveria ser motivo de deboche e de preconceito disfar\u00e7ado de curiosidade ou &quot;brincadeira&quot;. Precisamos de mais respeito!!<\/p>&mdash; LARISSA MANOELA (@larimanoela) <a href=\"https:\/\/twitter.com\/larimanoela\/status\/1411895035596087296?ref_src=twsrc%5Etfw\" target=\"_blank\" rel=\"noopener\">July 5, 2021<\/a><\/blockquote><script async src=\"https:\/\/platform.twitter.com\/widgets.js\" charset=\"utf-8\"><\/script>\n<\/div><\/figure>\n\n\n\n<figure class=\"wp-block-embed aligncenter is-type-rich is-provider-twitter wp-block-embed-twitter\"><div class=\"wp-block-embed__wrapper\">\n<blockquote class=\"twitter-tweet\" data-width=\"550\" data-dnt=\"true\"><p lang=\"pt\" dir=\"ltr\">Estou aqui em respeito aos meus f\u00e3s de verdade, aqueles que n\u00e3o espalham esse tipo de not\u00edcia mentirosa. \u00c9 por voc\u00eas e para voc\u00eas essa mensagem!!<\/p>&mdash; LARISSA MANOELA (@larimanoela) <a href=\"https:\/\/twitter.com\/larimanoela\/status\/1411928729010442245?ref_src=twsrc%5Etfw\" target=\"_blank\" rel=\"noopener\">July 5, 2021<\/a><\/blockquote><script async src=\"https:\/\/platform.twitter.com\/widgets.js\" charset=\"utf-8\"><\/script>\n<\/div><\/figure>\n\n\n\n<figure class=\"wp-block-embed aligncenter is-type-rich is-provider-twitter wp-block-embed-twitter\"><div class=\"wp-block-embed__wrapper\">\n<blockquote class=\"twitter-tweet\" data-width=\"550\" data-dnt=\"true\"><p lang=\"pt\" dir=\"ltr\">E mais, apesar de n\u00e3o ser l\u00e9sbica, vamos transformar esse epis\u00f3dio sobre consci\u00eancia e respeito aos LGBTQIA+. A luta deles deveria ser a de todos n\u00f3s. Mais amor, mais respeito.<\/p>&mdash; LARISSA MANOELA (@larimanoela) <a href=\"https:\/\/twitter.com\/larimanoela\/status\/1411929026806026243?ref_src=twsrc%5Etfw\" target=\"_blank\" rel=\"noopener\">July 5, 2021<\/a><\/blockquote><script async src=\"https:\/\/platform.twitter.com\/widgets.js\" charset=\"utf-8\"><\/script>\n<\/div><\/figure>\n\n\n\n<figure class=\"wp-block-embed aligncenter is-type-rich is-provider-twitter wp-block-embed-twitter\"><div class=\"wp-block-embed__wrapper\">\n<blockquote class=\"twitter-tweet\" data-width=\"550\" data-dnt=\"true\"><p lang=\"pt\" dir=\"ltr\">E estou aqui para potencializar a luta dessas pessoas que, voc\u00ea pode at\u00e9 fingir que n\u00e3o sabe ou mesmo n\u00e3o ligar, mas que \u00e9 uma luta di\u00e1ria em busca de dignidade e respeito.<\/p>&mdash; LARISSA MANOELA (@larimanoela) <a href=\"https:\/\/twitter.com\/larimanoela\/status\/1411929082208661504?ref_src=twsrc%5Etfw\" target=\"_blank\" rel=\"noopener\">July 5, 2021<\/a><\/blockquote><script async src=\"https:\/\/platform.twitter.com\/widgets.js\" charset=\"utf-8\"><\/script>\n<\/div><\/figure>","protected":false},"excerpt":{"rendered":"<p>A atriz Larissa Manoela se pronunciou via Twitter, na noite deste domingo (4), a respeito dos rumores de que estaria vivendo um romance com sua amiga Bianca Palheiros. Circulou na internet que o motivo pelo qual Larissa e sua m\u00e3e haviam se desentendido seria porque Silvana n\u00e3o aprovaria o suposto affair. &#8220;Gente, que coisa mais [&hellip;]<\/p>\n","protected":false},"author":2,"featured_media":86816,"comment_status":"closed","ping_status":"open","sticky":false,"template":"","format":"standard","meta":{"footnotes":""},"categories":[173],"tags":[1259],"class_list":["post-86815","post","type-post","status-publish","format-standard","has-post-thumbnail","hentry","category-celebridades","tag-larissa-manoela"],"_links":{"self":[{"href":"https:\/\/portalpopmais.com.br\/en\/wp-json\/wp\/v2\/posts\/86815","targetHints":{"allow":["GET"]}}],"collection":[{"href":"https:\/\/portalpopmais.com.br\/en\/wp-json\/wp\/v2\/posts"}],"about":[{"href":"https:\/\/portalpopmais.com.br\/en\/wp-json\/wp\/v2\/types\/post"}],"author":[{"embeddable":true,"href":"https:\/\/portalpopmais.com.br\/en\/wp-json\/wp\/v2\/users\/2"}],"replies":[{"embeddable":true,"href":"https:\/\/portalpopmais.com.br\/en\/wp-json\/wp\/v2\/comments?post=86815"}],"version-history":[{"count":0,"href":"https:\/\/portalpopmais.com.br\/en\/wp-json\/wp\/v2\/posts\/86815\/revisions"}],"wp:featuredmedia":[{"embeddable":true,"href":"https:\/\/portalpopmais.com.br\/en\/wp-json\/wp\/v2\/media\/86816"}],"wp:attachment":[{"href":"https:\/\/portalpopmais.com.br\/en\/wp-json\/wp\/v2\/media?parent=86815"}],"wp:term":[{"taxonomy":"category","embeddable":true,"href":"https:\/\/portalpopmais.com.br\/en\/wp-json\/wp\/v2\/categories?post=86815"},{"taxonomy":"post_tag","embeddable":true,"href":"https:\/\/portalpopmais.com.br\/en\/wp-json\/wp\/v2\/tags?post=86815"}],"curies":[{"name":"wp","href":"https:\/\/api.w.org\/{rel}","templated":true}]}}