{"id":87171,"date":"2021-07-10T10:57:03","date_gmt":"2021-07-10T13:57:03","guid":{"rendered":"https:\/\/portalpopmais.com.br\/?p=87171"},"modified":"2021-07-10T10:57:07","modified_gmt":"2021-07-10T13:57:07","slug":"fernanda-lima-substituta-luciano-huck-sabados","status":"publish","type":"post","link":"https:\/\/portalpopmais.com.br\/en\/fernanda-lima-substituta-luciano-huck-sabados\/","title":{"rendered":"Fernanda Lima deve substituir Luciano Huck aos s\u00e1bados"},"content":{"rendered":"<p class=\"wp-block-paragraph\"><a href=\"https:\/\/portalpopmais.com.br\/en\/luciano-huck-estreia-domingo-2021\/\" target=\"_blank\" data-type=\"post\" data-id=\"87133\" rel=\"noreferrer noopener\">Com a antecipa\u00e7\u00e3o da ida de <strong>Luciano Huck<\/strong> para os domingos da <strong>Globo<\/strong><\/a>, ap\u00f3s a sa\u00edda precoce de Faust\u00e3o, a emissora corre contra o tempo ara escolher um nome que ir\u00e1 substituir o marido de Ang\u00e9lica nas tardes de s\u00e1bado.<\/p>\n\n\n\n<p class=\"wp-block-paragraph\">No entanto, um nome j\u00e1 vem sendo especulado e \u00e9 dado como certo nos bastidores da Globo: Fernanda Lima. <a href=\"https:\/\/portalpopmais.com.br\/en\/fernanda-lima-show-dos-famosos-globo\/\" target=\"_blank\" data-type=\"post\" data-id=\"84863\" rel=\"noreferrer noopener\">O POP Mais noticiou h\u00e1 algumas semanas<\/a> que o canal estaria de olho na apresentadora para o Show dos Famosos, quadro do &#8220;Doming\u00e3o&#8221; que passar\u00e1 a ser um programa independente. O novo programa, no entanto, migrar\u00e1 para os s\u00e1bados sob o comando de Fernanda, ocupando o buraco deixado pelo &#8220;Caldeir\u00e3o&#8221;<\/p>\n\n\n\n<p class=\"wp-block-paragraph\"><a href=\"https:\/\/www.instagram.com\/lucianohuck\/\" target=\"_blank\" rel=\"noreferrer noopener\">Luciano Huck<\/a> dever\u00e1 estrear aos domingos em 2 de setembro, mas ainda n\u00e3o h\u00e1 detalhes sobre o novo programa.<\/p>","protected":false},"excerpt":{"rendered":"<p>Com a antecipa\u00e7\u00e3o da ida de Luciano Huck para os domingos da Globo, ap\u00f3s a sa\u00edda precoce de Faust\u00e3o, a emissora corre contra o tempo ara escolher um nome que ir\u00e1 substituir o marido de Ang\u00e9lica nas tardes de s\u00e1bado. No entanto, um nome j\u00e1 vem sendo especulado e \u00e9 dado como certo nos bastidores [&hellip;]<\/p>\n","protected":false},"author":2,"featured_media":87172,"comment_status":"closed","ping_status":"open","sticky":false,"template":"","format":"standard","meta":{"footnotes":""},"categories":[1],"tags":[7986,8743,180,2310],"class_list":["post-87171","post","type-post","status-publish","format-standard","has-post-thumbnail","hentry","category-fire2","tag-faustao","tag-fernanda-lima","tag-globo","tag-luciano-huck"],"_links":{"self":[{"href":"https:\/\/portalpopmais.com.br\/en\/wp-json\/wp\/v2\/posts\/87171","targetHints":{"allow":["GET"]}}],"collection":[{"href":"https:\/\/portalpopmais.com.br\/en\/wp-json\/wp\/v2\/posts"}],"about":[{"href":"https:\/\/portalpopmais.com.br\/en\/wp-json\/wp\/v2\/types\/post"}],"author":[{"embeddable":true,"href":"https:\/\/portalpopmais.com.br\/en\/wp-json\/wp\/v2\/users\/2"}],"replies":[{"embeddable":true,"href":"https:\/\/portalpopmais.com.br\/en\/wp-json\/wp\/v2\/comments?post=87171"}],"version-history":[{"count":0,"href":"https:\/\/portalpopmais.com.br\/en\/wp-json\/wp\/v2\/posts\/87171\/revisions"}],"wp:featuredmedia":[{"embeddable":true,"href":"https:\/\/portalpopmais.com.br\/en\/wp-json\/wp\/v2\/media\/87172"}],"wp:attachment":[{"href":"https:\/\/portalpopmais.com.br\/en\/wp-json\/wp\/v2\/media?parent=87171"}],"wp:term":[{"taxonomy":"category","embeddable":true,"href":"https:\/\/portalpopmais.com.br\/en\/wp-json\/wp\/v2\/categories?post=87171"},{"taxonomy":"post_tag","embeddable":true,"href":"https:\/\/portalpopmais.com.br\/en\/wp-json\/wp\/v2\/tags?post=87171"}],"curies":[{"name":"wp","href":"https:\/\/api.w.org\/{rel}","templated":true}]}}