{"id":87377,"date":"2021-07-13T12:30:41","date_gmt":"2021-07-13T15:30:41","guid":{"rendered":"https:\/\/portalpopmais.com.br\/?p=87377"},"modified":"2021-07-13T12:35:10","modified_gmt":"2021-07-13T15:35:10","slug":"juliana-paes-volta-a-ser-chamada-bolsonarista","status":"publish","type":"post","link":"https:\/\/portalpopmais.com.br\/en\/juliana-paes-volta-a-ser-chamada-bolsonarista\/","title":{"rendered":"Juliana Paes \u00e9 chamada de bolsonarista ap\u00f3s coment\u00e1rio sobre Cuba: &#8220;t\u00e1 um sil\u00eancio naquele Twitter&#8221;"},"content":{"rendered":"<p><strong><a href=\"https:\/\/portalpopmais.com.br\/en\/globo-renova-juliana-paes\/\" target=\"_blank\" data-type=\"post\" data-id=\"85078\" rel=\"noreferrer noopener\">Juliana Paes<\/a><\/strong> voltou a ser apontada como apoiadora do presidente Jair Bolsonaro, ap\u00f3s a atriz fazer um coment\u00e1rio a respeito das manifesta\u00e7\u00f5es em Cuba.<\/p>\n\n\n\n<p>A economista Renata Barreto publicou em sua conta no Instagram um texto a respeito dos manifestos, alfinetando aqueles que permanecem em sil\u00eancio sobre o regime no pa\u00eds. Na postagem, ela questiona sobre a exist\u00eancia de uma democracia em Cuba, e diz que o pa\u00eds \u00e9 &#8220;ref\u00e9m da ideologia&#8221;.<\/p>\n\n\n\n<p><a href=\"http:\/\/gshow.com\" target=\"_blank\" rel=\"noreferrer noopener\">Juliana Paes<\/a>, por sua vez, endossou as cr\u00edticas de Renata e escreveu:<em> &#8220;Mas hoje t\u00e1 um sil\u00eancio naquele Twitter\u2026 (ou t\u00f4 delirando?)&#8221;<\/em>. Veja:<\/p>\n\n\n\n<figure class=\"wp-block-embed aligncenter is-type-rich is-provider-twitter wp-block-embed-twitter\"><div class=\"wp-block-embed__wrapper\">\n<blockquote class=\"twitter-tweet\" data-width=\"550\" data-dnt=\"true\"><p lang=\"pt\" dir=\"ltr\">\ud83d\udea8AGORA: A bolsonarista Juliana Paes chamando o povo do Twitter de socialista <a href=\"https:\/\/t.co\/ifw5zCNq0J\">pic.twitter.com\/ifw5zCNq0J<\/a><\/p>&mdash; CHOQUEI (@choquei) <a href=\"https:\/\/twitter.com\/choquei\/status\/1414956227961016336?ref_src=twsrc%5Etfw\" target=\"_blank\" rel=\"noopener\">July 13, 2021<\/a><\/blockquote><script async src=\"https:\/\/platform.twitter.com\/widgets.js\" charset=\"utf-8\"><\/script>\n<\/div><\/figure>\n\n\n\n<p>Nas redes sociais, o nome da contratada da Globo ficou entre os assuntos mais comentados da manh\u00e3 de hoje. Veja a repercuss\u00e3o:<\/p>\n\n\n\n<figure class=\"wp-block-embed aligncenter is-type-rich is-provider-twitter wp-block-embed-twitter\"><div class=\"wp-block-embed__wrapper\">\n<blockquote class=\"twitter-tweet\" data-width=\"550\" data-dnt=\"true\"><p lang=\"pt\" dir=\"ltr\">A Juliana Paes chamando os tuitero de socialistas Kkkkkkk<br>Bom dia <a href=\"https:\/\/t.co\/7WCXAvMinY\">pic.twitter.com\/7WCXAvMinY<\/a><\/p>&mdash; Babi (@babi) <a href=\"https:\/\/twitter.com\/babi\/status\/1414898343529046016?ref_src=twsrc%5Etfw\" target=\"_blank\" rel=\"noopener\">July 13, 2021<\/a><\/blockquote><script async src=\"https:\/\/platform.twitter.com\/widgets.js\" charset=\"utf-8\"><\/script>\n<\/div><\/figure>\n\n\n\n<figure class=\"wp-block-embed is-type-rich is-provider-twitter wp-block-embed-twitter\"><div class=\"wp-block-embed__wrapper\">\n<blockquote class=\"twitter-tweet\" data-width=\"550\" data-dnt=\"true\"><p lang=\"pt\" dir=\"ltr\">Queria ficar famosa s\u00f3 pra mandar a Juliana Paes tomar no cu ao vivo<\/p>&mdash; \ud835\udc0d\ud835\udd86\ud835\udd99 \u2077*.:\uff61\ud83c\udf77 (@natal0ves) <a href=\"https:\/\/twitter.com\/natal0ves\/status\/1414957790586626048?ref_src=twsrc%5Etfw\" target=\"_blank\" rel=\"noopener\">July 13, 2021<\/a><\/blockquote><script async src=\"https:\/\/platform.twitter.com\/widgets.js\" charset=\"utf-8\"><\/script>\n<\/div><\/figure>\n\n\n\n<figure class=\"wp-block-embed aligncenter is-type-rich is-provider-twitter wp-block-embed-twitter\"><div class=\"wp-block-embed__wrapper\">\n<blockquote class=\"twitter-tweet\" data-width=\"550\" data-dnt=\"true\"><p lang=\"pt\" dir=\"ltr\">Juliana Paes se veste de bolsominion, anda com bolsominion, fala igual bolsominion, MAS N\u00c3O \u00c9 BOLSOMINION <a href=\"https:\/\/t.co\/aQmJuGxYCl\">pic.twitter.com\/aQmJuGxYCl<\/a><\/p>&mdash; Dudu (@Dudu) <a href=\"https:\/\/twitter.com\/Dudu\/status\/1414915938680459274?ref_src=twsrc%5Etfw\" target=\"_blank\" rel=\"noopener\">July 13, 2021<\/a><\/blockquote><script async src=\"https:\/\/platform.twitter.com\/widgets.js\" charset=\"utf-8\"><\/script>\n<\/div><\/figure>\n\n\n\n<figure class=\"wp-block-embed aligncenter is-type-rich is-provider-twitter wp-block-embed-twitter\"><div class=\"wp-block-embed__wrapper\">\n<blockquote class=\"twitter-tweet\" data-width=\"550\" data-dnt=\"true\"><p lang=\"pt\" dir=\"ltr\">Juliana Paes e Ant\u00f4nia Fontenelle, as duas a 80 km\/h&#8230;.<\/p>&mdash; Lutty Shimabukuro \u5cf6 (@luttyshimanutri) <a href=\"https:\/\/twitter.com\/luttyshimanutri\/status\/1414960070039904263?ref_src=twsrc%5Etfw\" target=\"_blank\" rel=\"noopener\">July 13, 2021<\/a><\/blockquote><script async src=\"https:\/\/platform.twitter.com\/widgets.js\" charset=\"utf-8\"><\/script>\n<\/div><\/figure>\n\n\n\n<figure class=\"wp-block-embed aligncenter is-type-rich is-provider-twitter wp-block-embed-twitter\"><div class=\"wp-block-embed__wrapper\">\n<blockquote class=\"twitter-tweet\" data-width=\"550\" data-dnt=\"true\"><p lang=\"pt\" dir=\"ltr\">Juliana Paes n\u00e3o \u00e9 bolsominion n\u00e3o, imagina <a href=\"https:\/\/t.co\/oGtIa9i544\">pic.twitter.com\/oGtIa9i544<\/a><\/p>&mdash; Lutty Shimabukuro \u5cf6 (@luttyshimanutri) <a href=\"https:\/\/twitter.com\/luttyshimanutri\/status\/1414958677522583559?ref_src=twsrc%5Etfw\" target=\"_blank\" rel=\"noopener\">July 13, 2021<\/a><\/blockquote><script async src=\"https:\/\/platform.twitter.com\/widgets.js\" charset=\"utf-8\"><\/script>\n<\/div><\/figure>\n\n\n\n<h2 class=\"wp-block-heading\">Juliana Paes diz que n\u00e3o \u00e9 bolsonarista<\/h2>\n\n\n\n<p>No m\u00eas passado, Juliana negou ser apoiadora de Bolsonaro, ap\u00f3s ser duramente criticada por defender a m\u00e9dica negacionista Nise Yamaguchi, durante depoimento na CPI.<\/p>\n\n\n\n<p><em>&#8220;Estamos vivendo um dos momentos mais nebulosos. O mundo inteiro est\u00e1 angustiado. Qualquer assunto \u00e9 politizado. \u00c9 um manique\u00edsmo. Eu n\u00e3o sou bolsominion, como adoram acreditar&#8221;<\/em>, declarou a atriz.<\/p>\n\n\n\n<p><em>&#8220;Tenho cr\u00edticas severas a este que nos governa, mas tampouco quero que a oposi\u00e7\u00e3o que est\u00e1 presente no momento assuma o governo. Eu estou em um ambiente em que n\u00e3o me sinto representada por ningu\u00e9m&#8221;<\/em>, completou.<\/p>","protected":false},"excerpt":{"rendered":"<p>Juliana Paes voltou a ser apontada como apoiadora do presidente Jair Bolsonaro, ap\u00f3s a atriz fazer um coment\u00e1rio a respeito das manifesta\u00e7\u00f5es em Cuba. A economista Renata Barreto publicou em sua conta no Instagram um texto a respeito dos manifestos, alfinetando aqueles que permanecem em sil\u00eancio sobre o regime no pa\u00eds. Na postagem, ela questiona [&hellip;]<\/p>\n","protected":false},"author":1,"featured_media":84516,"comment_status":"closed","ping_status":"open","sticky":false,"template":"","format":"standard","meta":{"footnotes":""},"categories":[173],"tags":[577,6094],"class_list":["post-87377","post","type-post","status-publish","format-standard","has-post-thumbnail","hentry","category-celebridades","tag-jair-bolsonaro","tag-juliana-paes"],"_links":{"self":[{"href":"https:\/\/portalpopmais.com.br\/en\/wp-json\/wp\/v2\/posts\/87377","targetHints":{"allow":["GET"]}}],"collection":[{"href":"https:\/\/portalpopmais.com.br\/en\/wp-json\/wp\/v2\/posts"}],"about":[{"href":"https:\/\/portalpopmais.com.br\/en\/wp-json\/wp\/v2\/types\/post"}],"author":[{"embeddable":true,"href":"https:\/\/portalpopmais.com.br\/en\/wp-json\/wp\/v2\/users\/1"}],"replies":[{"embeddable":true,"href":"https:\/\/portalpopmais.com.br\/en\/wp-json\/wp\/v2\/comments?post=87377"}],"version-history":[{"count":0,"href":"https:\/\/portalpopmais.com.br\/en\/wp-json\/wp\/v2\/posts\/87377\/revisions"}],"wp:featuredmedia":[{"embeddable":true,"href":"https:\/\/portalpopmais.com.br\/en\/wp-json\/wp\/v2\/media\/84516"}],"wp:attachment":[{"href":"https:\/\/portalpopmais.com.br\/en\/wp-json\/wp\/v2\/media?parent=87377"}],"wp:term":[{"taxonomy":"category","embeddable":true,"href":"https:\/\/portalpopmais.com.br\/en\/wp-json\/wp\/v2\/categories?post=87377"},{"taxonomy":"post_tag","embeddable":true,"href":"https:\/\/portalpopmais.com.br\/en\/wp-json\/wp\/v2\/tags?post=87377"}],"curies":[{"name":"wp","href":"https:\/\/api.w.org\/{rel}","templated":true}]}}