{"id":87970,"date":"2021-07-21T10:50:33","date_gmt":"2021-07-21T13:50:33","guid":{"rendered":"https:\/\/portalpopmais.com.br\/?p=87970"},"modified":"2021-07-21T10:50:36","modified_gmt":"2021-07-21T13:50:36","slug":"ana-maria-braga-vestida-cruella","status":"publish","type":"post","link":"https:\/\/portalpopmais.com.br\/en\/ana-maria-braga-vestida-cruella\/","title":{"rendered":"V\u00eddeo: Ana Maria Braga surge vestida de Cruella no &#8220;Mais Voc\u00ea&#8221;"},"content":{"rendered":"<p class=\"wp-block-paragraph\"><strong><a href=\"https:\/\/portalpopmais.com.br\/en\/ana-maria-braga-elogia-gil-do-vigor\/\" target=\"_blank\" data-type=\"post\" data-id=\"87002\" rel=\"noreferrer noopener\">Ana Maria Braga<\/a><\/strong> surpreendeu os telespectadores do &#8220;Mais Voc\u00ea&#8221;, ao aparecer para apresentar o programa vestida de Cruella, em homenagem ao filme protagonizado por Emma Stone, dispon\u00edvel no <a href=\"https:\/\/www.disneyplus.com\/pt-br\/\" target=\"_blank\" rel=\"noreferrer noopener\">Disney+<\/a>.<\/p>\n\n\n\n<p class=\"wp-block-paragraph\"><em>&#8220;Esse meu look \u00e9 arrasador e dedicado a ela: Cruella. Uma das personagens mais ic\u00f4nicas da Disney e que ganhou um filme com Emma Stone e conta a hist\u00f3ria de como essa figura conquistou o mundo da moda com rebeldia e originalidade&#8221;<\/em>, disse Ana na abertura do programa.<\/p>\n\n\n\n<p class=\"wp-block-paragraph\">A apresentadora contou um pouco sobre como foi feito o vestido, revelando que precisou fazer v\u00e1rias provas para chegar no resultado final.<\/p>\n\n\n\n<p class=\"wp-block-paragraph\">Assista ao momento:<\/p>\n\n\n\n<figure class=\"wp-block-embed aligncenter is-type-rich is-provider-twitter wp-block-embed-twitter\"><div class=\"wp-block-embed__wrapper\">\n<blockquote class=\"twitter-tweet\" data-width=\"550\" data-dnt=\"true\"><p lang=\"es\" dir=\"ltr\">Ana Maria Braga de Cruella. <a href=\"https:\/\/t.co\/nm9ykAmJpL\">pic.twitter.com\/nm9ykAmJpL<\/a><\/p>&mdash; Diego Cartaxo (@D_Cartaxo) <a href=\"https:\/\/twitter.com\/D_Cartaxo\/status\/1417841009749278725?ref_src=twsrc%5Etfw\" target=\"_blank\" rel=\"noopener\">July 21, 2021<\/a><\/blockquote><script async src=\"https:\/\/platform.twitter.com\/widgets.js\" charset=\"utf-8\"><\/script>\n<\/div><\/figure>\n\n\n\n<p class=\"wp-block-paragraph\">Nas redes sociais, o look da apresentadora ficou entre os assuntos mais comentados na manh\u00e3 desta quarta-feira (21).<\/p>\n\n\n\n<figure class=\"wp-block-embed aligncenter is-type-rich is-provider-twitter wp-block-embed-twitter\"><div class=\"wp-block-embed__wrapper\">\n<blockquote class=\"twitter-tweet\" data-width=\"550\" data-dnt=\"true\"><p lang=\"pt\" dir=\"ltr\">Ana Maria Braga e o \u00edcone m\u00e1ximo da televis\u00e3o brasileira<\/p>&mdash; g.u.s.t.a.v.o (@gustgarcia123) <a href=\"https:\/\/twitter.com\/gustgarcia123\/status\/1417843333003632641?ref_src=twsrc%5Etfw\" target=\"_blank\" rel=\"noopener\">July 21, 2021<\/a><\/blockquote><script async src=\"https:\/\/platform.twitter.com\/widgets.js\" charset=\"utf-8\"><\/script>\n<\/div><\/figure>\n\n\n\n<figure class=\"wp-block-embed aligncenter is-type-rich is-provider-twitter wp-block-embed-twitter\"><div class=\"wp-block-embed__wrapper\">\n<blockquote class=\"twitter-tweet\" data-width=\"550\" data-dnt=\"true\"><p lang=\"pt\" dir=\"ltr\">so eu amei <a href=\"https:\/\/twitter.com\/ANAMARIABRAGA?ref_src=twsrc%5Etfw\" target=\"_blank\" rel=\"noopener\">@ANAMARIABRAGA<\/a>  de Cruella <a href=\"https:\/\/t.co\/fzpbCQ067Q\">https:\/\/t.co\/fzpbCQ067Q<\/a><\/p>&mdash; Isabela Loures (@isabelaloures) <a href=\"https:\/\/twitter.com\/isabelaloures\/status\/1417843264821080069?ref_src=twsrc%5Etfw\" target=\"_blank\" rel=\"noopener\">July 21, 2021<\/a><\/blockquote><script async src=\"https:\/\/platform.twitter.com\/widgets.js\" charset=\"utf-8\"><\/script>\n<\/div><\/figure>\n\n\n\n<figure class=\"wp-block-embed aligncenter is-type-rich is-provider-twitter wp-block-embed-twitter\"><div class=\"wp-block-embed__wrapper\">\n<blockquote class=\"twitter-tweet\" data-width=\"550\" data-dnt=\"true\"><p lang=\"pt\" dir=\"ltr\">Ana Maria Braga de cruella tudo pra mim<\/p>&mdash; Ana Beatriz (@anabedosreis) <a href=\"https:\/\/twitter.com\/anabedosreis\/status\/1417843228825559045?ref_src=twsrc%5Etfw\" target=\"_blank\" rel=\"noopener\">July 21, 2021<\/a><\/blockquote><script async src=\"https:\/\/platform.twitter.com\/widgets.js\" charset=\"utf-8\"><\/script>\n<\/div><\/figure>\n\n\n\n<figure class=\"wp-block-embed aligncenter is-type-rich is-provider-twitter wp-block-embed-twitter\"><div class=\"wp-block-embed__wrapper\">\n<blockquote class=\"twitter-tweet\" data-width=\"550\" data-dnt=\"true\"><p lang=\"pt\" dir=\"ltr\">N\u00e3o tem como n\u00e3o gostar dessa mulher!!! <a href=\"https:\/\/twitter.com\/ANAMARIABRAGA?ref_src=twsrc%5Etfw\" target=\"_blank\" rel=\"noopener\">@ANAMARIABRAGA<\/a> sou teu f\u00e3! Kkkkkk <a href=\"https:\/\/twitter.com\/hashtag\/MaisVoc%C3%AA?src=hash&amp;ref_src=twsrc%5Etfw\" target=\"_blank\" rel=\"noopener\">#MaisVoc\u00ea<\/a> <a href=\"https:\/\/t.co\/A7jsP2WNoE\">https:\/\/t.co\/A7jsP2WNoE<\/a><\/p>&mdash; Danilo Morais \ud83d\udc51\ud83c\udfa4 (@danilormorais) <a href=\"https:\/\/twitter.com\/danilormorais\/status\/1417843196533608454?ref_src=twsrc%5Etfw\" target=\"_blank\" rel=\"noopener\">July 21, 2021<\/a><\/blockquote><script async src=\"https:\/\/platform.twitter.com\/widgets.js\" charset=\"utf-8\"><\/script>\n<\/div><\/figure>\n\n\n\n<p class=\"wp-block-paragraph\"><\/p>","protected":false},"excerpt":{"rendered":"<p>Ana Maria Braga surpreendeu os telespectadores do &#8220;Mais Voc\u00ea&#8221;, ao aparecer para apresentar o programa vestida de Cruella, em homenagem ao filme protagonizado por Emma Stone, dispon\u00edvel no Disney+. &#8220;Esse meu look \u00e9 arrasador e dedicado a ela: Cruella. Uma das personagens mais ic\u00f4nicas da Disney e que ganhou um filme com Emma Stone e [&hellip;]<\/p>\n","protected":false},"author":2,"featured_media":87971,"comment_status":"closed","ping_status":"open","sticky":false,"template":"","format":"standard","meta":{"footnotes":""},"categories":[1],"tags":[179,2163,1665],"class_list":["post-87970","post","type-post","status-publish","format-standard","has-post-thumbnail","hentry","category-fire2","tag-ana-maria-braga","tag-capa","tag-tv-globo"],"_links":{"self":[{"href":"https:\/\/portalpopmais.com.br\/en\/wp-json\/wp\/v2\/posts\/87970","targetHints":{"allow":["GET"]}}],"collection":[{"href":"https:\/\/portalpopmais.com.br\/en\/wp-json\/wp\/v2\/posts"}],"about":[{"href":"https:\/\/portalpopmais.com.br\/en\/wp-json\/wp\/v2\/types\/post"}],"author":[{"embeddable":true,"href":"https:\/\/portalpopmais.com.br\/en\/wp-json\/wp\/v2\/users\/2"}],"replies":[{"embeddable":true,"href":"https:\/\/portalpopmais.com.br\/en\/wp-json\/wp\/v2\/comments?post=87970"}],"version-history":[{"count":0,"href":"https:\/\/portalpopmais.com.br\/en\/wp-json\/wp\/v2\/posts\/87970\/revisions"}],"wp:featuredmedia":[{"embeddable":true,"href":"https:\/\/portalpopmais.com.br\/en\/wp-json\/wp\/v2\/media\/87971"}],"wp:attachment":[{"href":"https:\/\/portalpopmais.com.br\/en\/wp-json\/wp\/v2\/media?parent=87970"}],"wp:term":[{"taxonomy":"category","embeddable":true,"href":"https:\/\/portalpopmais.com.br\/en\/wp-json\/wp\/v2\/categories?post=87970"},{"taxonomy":"post_tag","embeddable":true,"href":"https:\/\/portalpopmais.com.br\/en\/wp-json\/wp\/v2\/tags?post=87970"}],"curies":[{"name":"wp","href":"https:\/\/api.w.org\/{rel}","templated":true}]}}