{"id":87984,"date":"2021-07-21T14:12:30","date_gmt":"2021-07-21T17:12:30","guid":{"rendered":"https:\/\/portalpopmais.com.br\/?p=87984"},"modified":"2021-07-21T14:12:34","modified_gmt":"2021-07-21T17:12:34","slug":"valesca-rebate-arthur-nory","status":"publish","type":"post","link":"https:\/\/portalpopmais.com.br\/en\/valesca-rebate-arthur-nory\/","title":{"rendered":"Arthur Nory critica ataques no Twitter e Valesca dispara: &#8220;ningu\u00e9m passa pano mais n\u00e3o&#8221;"},"content":{"rendered":"<p>Escalado para representar o Brasil nas Olimp\u00edadas de T\u00f3quio, <strong><a href=\"https:\/\/portalpopmais.com.br\/en\/trends\/arthur-nory\/\" target=\"_blank\" data-type=\"post_tag\" data-id=\"8910\" rel=\"noreferrer noopener\">Arthur Nory<\/a><\/strong> usou sua conta no Twitter para reclamar dos ataques que tem recebido na rede social, por conta do caso onde cometeu racismo com um colega de time, em 2015.<\/p>\n\n\n\n<p><em>\u201c\u00c9 normal tanto xingamento, \u00f3dio e desejar mal aqui no twitter?\u201d<\/em> questionou ele. A cantora <strong><a href=\"https:\/\/www.instagram.com\/valescapopozuda\/\" target=\"_blank\" rel=\"noreferrer noopener\">Valesca Popozuda<\/a><\/strong> rebateu o coment\u00e1rio do ginasta, refor\u00e7ando que toda a culpa dos ataques pertence a ele mesmo.<\/p>\n\n\n\n<p><em>\u201cN\u00e3o \u00e9 ! Mas quando a gente erra \u00e9 melhor assumir o erro e pedir desculpas. Porque aqui no Twitter ningu\u00e9m passa pano mais n\u00e3o. Vamos melhorar o discurso e assumir os erros. Beijos e boa sorte\u201d, <\/em>disse a voz de \u201cBeijo no Ombro\u201d.<\/p>\n\n\n\n<p>Nory ent\u00e3o se defendeu, afirmando que hoje \u00e9 um outro homem. Eu errei e eu assumi. <em>\u201cPaguei por ele e, at\u00e9 hoje, pago por isso! Nunca escondi meu erro e sempre busquei conhecimento para me tornar uma pessoa melhor. Eu n\u00e3o sou o mesmo de 5 anos atr\u00e1s. Veja meu canal do YouTube, veja minhas postagens no Instagram\u2026\u201d,<\/em> afirmou.<\/p>\n\n\n\n<figure class=\"wp-block-embed aligncenter is-type-rich is-provider-twitter wp-block-embed-twitter\"><div class=\"wp-block-embed__wrapper\">\n<blockquote class=\"twitter-tweet\" data-width=\"550\" data-dnt=\"true\"><p lang=\"pt\" dir=\"ltr\">\u00c9 normal tanto xingamento, odio e desejar o mal aqui no twitter?<\/p>&mdash; arthurnory (@arthurnory) <a href=\"https:\/\/twitter.com\/arthurnory\/status\/1417621991369154560?ref_src=twsrc%5Etfw\" target=\"_blank\" rel=\"noopener\">July 20, 2021<\/a><\/blockquote><script async src=\"https:\/\/platform.twitter.com\/widgets.js\" charset=\"utf-8\"><\/script>\n<\/div><\/figure>\n\n\n\n<figure class=\"wp-block-embed aligncenter is-type-rich is-provider-twitter wp-block-embed-twitter\"><div class=\"wp-block-embed__wrapper\">\n<blockquote class=\"twitter-tweet\" data-width=\"550\" data-dnt=\"true\"><p lang=\"pt\" dir=\"ltr\">Eu errei e eu assumi. Paguei por ele e, at\u00e9 hoje, pago por isso! Nunca escondi meu erro e sempre busquei conhecimento para me tornar uma pessoa melhor. Eu n\u00e3o sou o mesmo de 5 anos atr\u00e1s. Veja meu canal do YouTube, veja minhas postagens no Instagram\u2026<\/p>&mdash; arthurnory (@arthurnory) <a href=\"https:\/\/twitter.com\/arthurnory\/status\/1417825723641995265?ref_src=twsrc%5Etfw\" target=\"_blank\" rel=\"noopener\">July 21, 2021<\/a><\/blockquote><script async src=\"https:\/\/platform.twitter.com\/widgets.js\" charset=\"utf-8\"><\/script>\n<\/div><\/figure>\n\n\n\n<h2 class=\"wp-block-heading\">Entenda<\/h2>\n\n\n\n<p>Em 2015, Arthur Nory postou um v\u00eddeo no Snapchat onde aparece cometendo racismo contra o seu ex-colega de time \u201c\u00c2ngelo Assump\u00e7\u00e3o\u201d.<\/p>\n\n\n\n<p>\u201cSeu celular quebrou: a tela quando funciona \u00e9 branca\u2026 quando ele estraga \u00e9 de que cor?\u201d, disse Nory. Outros ginastas que est\u00e3o pr\u00f3ximos responde: \u201cPreto!\u201d.<\/p>\n\n\n\n<p>E continua: O saquinho de supermercado \u00e9 branco\u2026 e o do lixo? \u00c9 preto!\u201d.<\/p>\n\n\n\n<p>O caso gerou grande repercuss\u00e3o, mas sem puni\u00e7\u00e3o a puni\u00e7\u00e3o do racista. No entanto, \u00c2ngelo, a v\u00edtima que denunciou o ato criminoso acabou sendo desligado do time.<\/p>","protected":false},"excerpt":{"rendered":"<p>Escalado para representar o Brasil nas Olimp\u00edadas de T\u00f3quio, Arthur Nory usou sua conta no Twitter para reclamar dos ataques que tem recebido na rede social, por conta do caso onde cometeu racismo com um colega de time, em 2015. \u201c\u00c9 normal tanto xingamento, \u00f3dio e desejar mal aqui no twitter?\u201d questionou ele. A cantora [&hellip;]<\/p>\n","protected":false},"author":2,"featured_media":87985,"comment_status":"closed","ping_status":"open","sticky":false,"template":"","format":"standard","meta":{"footnotes":""},"categories":[173],"tags":[8910,804],"class_list":["post-87984","post","type-post","status-publish","format-standard","has-post-thumbnail","hentry","category-celebridades","tag-arthur-nory","tag-valesca-popozuda"],"_links":{"self":[{"href":"https:\/\/portalpopmais.com.br\/en\/wp-json\/wp\/v2\/posts\/87984","targetHints":{"allow":["GET"]}}],"collection":[{"href":"https:\/\/portalpopmais.com.br\/en\/wp-json\/wp\/v2\/posts"}],"about":[{"href":"https:\/\/portalpopmais.com.br\/en\/wp-json\/wp\/v2\/types\/post"}],"author":[{"embeddable":true,"href":"https:\/\/portalpopmais.com.br\/en\/wp-json\/wp\/v2\/users\/2"}],"replies":[{"embeddable":true,"href":"https:\/\/portalpopmais.com.br\/en\/wp-json\/wp\/v2\/comments?post=87984"}],"version-history":[{"count":0,"href":"https:\/\/portalpopmais.com.br\/en\/wp-json\/wp\/v2\/posts\/87984\/revisions"}],"wp:featuredmedia":[{"embeddable":true,"href":"https:\/\/portalpopmais.com.br\/en\/wp-json\/wp\/v2\/media\/87985"}],"wp:attachment":[{"href":"https:\/\/portalpopmais.com.br\/en\/wp-json\/wp\/v2\/media?parent=87984"}],"wp:term":[{"taxonomy":"category","embeddable":true,"href":"https:\/\/portalpopmais.com.br\/en\/wp-json\/wp\/v2\/categories?post=87984"},{"taxonomy":"post_tag","embeddable":true,"href":"https:\/\/portalpopmais.com.br\/en\/wp-json\/wp\/v2\/tags?post=87984"}],"curies":[{"name":"wp","href":"https:\/\/api.w.org\/{rel}","templated":true}]}}