{"id":88761,"date":"2021-07-30T19:00:00","date_gmt":"2021-07-30T22:00:00","guid":{"rendered":"https:\/\/portalpopmais.com.br\/?p=88761"},"modified":"2021-08-03T15:24:48","modified_gmt":"2021-08-03T18:24:48","slug":"marc-fernandes-nao-temos-controle-de-nada","status":"publish","type":"post","link":"https:\/\/portalpopmais.com.br\/en\/marc-fernandes-nao-temos-controle-de-nada\/","title":{"rendered":"Marc Fernandes lan\u00e7a \u201cN\u00e3o Temos Controle de Nada\u201d e anuncia EP de estreia"},"content":{"rendered":"<p class=\"wp-block-paragraph\">O cantor <strong><a href=\"https:\/\/portalpopmais.com.br\/en\/marc-fernandes-singe-perto-do-mar\/\" data-type=\"post\" data-id=\"77524\" target=\"_blank\" rel=\"noreferrer noopener\">Marc Fernandes<\/a><\/strong> est\u00e1 de volta com duas novidades! A primeira delas \u00e9 que, abordando a tem\u00e1tica da ansiedade e depress\u00e3o, o artista apresenta sua quarta can\u00e7\u00e3o do ano e lan\u00e7a o clipe e single \u201cN\u00e3o Temos Controle de Nada\u201d, liberados nesta sexta-feira (30).&nbsp;A outra \u00e9 que Marc revelou que seu EP de estreia ser\u00e1 lan\u00e7ado ainda este ano, no in\u00edcio de setembro.<\/p>\n\n\n\n<p class=\"wp-block-paragraph\">Com influ\u00eancias que flutuam do rock alternativo da banda brit\u00e2nica Keane ao pop de James Blunt, o single foi composto por Marc Fernandes em parceria com Rique Azevedo- autor dos mega hits \u201cDig-Dig-Joy\u201d e \u201cDesperdi\u00e7ou \u2013 que tamb\u00e9m assina a produ\u00e7\u00e3o musical da can\u00e7\u00e3o. <em>\u201cN\u00e3o Temos Controle de Nada\u201d \u00e9 uma mensagem de apoio para aqueles que sofrem de ansiedade e depress\u00e3o, segundo o cantor, que j\u00e1 viveu isso na pele, a can\u00e7\u00e3o foi composta para incentivar as pessoas a encararem as adversidades da vida de frente. \u201cEssa m\u00fasica fala que n\u00f3s devemos encarar os problemas de frente, pois se ficarmos parados sofrendo nada vai adiantar. Toda experi\u00eancia \u00e9 v\u00e1lida para aprendermos a superar nossos desafios. N\u00e3o adianta sofrer pelo que ainda n\u00e3o aconteceu, afinal, n\u00e3o temos controle de nada\u201d.<\/em><\/p>\n\n\n\n<p class=\"wp-block-paragraph\">O single \u00e9 a pen\u00faltima novidade de Marc Fernandes antes da chegada do aguardado EP de estreia, programado para chegar aos apps de m\u00fasica no in\u00edcio de setembro. O cantor diz que ainda n\u00e3o revelar\u00e1 grandes detalhes do projeto, mas afirma que o novo trabalho ser\u00e1 lan\u00e7ado com chave de ouro. <em>\u201cEstou muito feliz com a repercuss\u00e3o que as m\u00fasicas t\u00eam alcan\u00e7ado em pouqu\u00edssimo tempo. Ainda n\u00e3o vou revelar detalhes, mas fecharemos este EP com chave de ouro\u201d.<\/em><\/p>\n\n\n\n<figure class=\"wp-block-embed aligncenter is-type-video is-provider-youtube wp-block-embed-youtube wp-embed-aspect-16-9 wp-has-aspect-ratio\"><div class=\"wp-block-embed__wrapper\">\n<iframe loading=\"lazy\" title=\"Marc Fernandes - N\u00e3o Temos Controle de Nada (Oficial)\" width=\"880\" height=\"495\" src=\"https:\/\/www.youtube.com\/embed\/9-3nT3sMcaI?feature=oembed\" frameborder=\"0\" allow=\"accelerometer; autoplay; clipboard-write; encrypted-media; gyroscope; picture-in-picture\" allowfullscreen><\/iframe>\n<\/div><\/figure>","protected":false},"excerpt":{"rendered":"<p>O cantor Marc Fernandes est\u00e1 de volta com duas novidades! A primeira delas \u00e9 que, abordando a tem\u00e1tica da ansiedade e depress\u00e3o, o artista apresenta sua quarta can\u00e7\u00e3o do ano e lan\u00e7a o clipe e single \u201cN\u00e3o Temos Controle de Nada\u201d, liberados nesta sexta-feira (30).&nbsp;A outra \u00e9 que Marc revelou que seu EP de estreia [&hellip;]<\/p>\n","protected":false},"author":1,"featured_media":88762,"comment_status":"closed","ping_status":"open","sticky":false,"template":"","format":"standard","meta":{"footnotes":""},"categories":[154],"tags":[8302],"class_list":["post-88761","post","type-post","status-publish","format-standard","has-post-thumbnail","hentry","category-musica","tag-marc-fernandes"],"_links":{"self":[{"href":"https:\/\/portalpopmais.com.br\/en\/wp-json\/wp\/v2\/posts\/88761","targetHints":{"allow":["GET"]}}],"collection":[{"href":"https:\/\/portalpopmais.com.br\/en\/wp-json\/wp\/v2\/posts"}],"about":[{"href":"https:\/\/portalpopmais.com.br\/en\/wp-json\/wp\/v2\/types\/post"}],"author":[{"embeddable":true,"href":"https:\/\/portalpopmais.com.br\/en\/wp-json\/wp\/v2\/users\/1"}],"replies":[{"embeddable":true,"href":"https:\/\/portalpopmais.com.br\/en\/wp-json\/wp\/v2\/comments?post=88761"}],"version-history":[{"count":0,"href":"https:\/\/portalpopmais.com.br\/en\/wp-json\/wp\/v2\/posts\/88761\/revisions"}],"wp:featuredmedia":[{"embeddable":true,"href":"https:\/\/portalpopmais.com.br\/en\/wp-json\/wp\/v2\/media\/88762"}],"wp:attachment":[{"href":"https:\/\/portalpopmais.com.br\/en\/wp-json\/wp\/v2\/media?parent=88761"}],"wp:term":[{"taxonomy":"category","embeddable":true,"href":"https:\/\/portalpopmais.com.br\/en\/wp-json\/wp\/v2\/categories?post=88761"},{"taxonomy":"post_tag","embeddable":true,"href":"https:\/\/portalpopmais.com.br\/en\/wp-json\/wp\/v2\/tags?post=88761"}],"curies":[{"name":"wp","href":"https:\/\/api.w.org\/{rel}","templated":true}]}}