{"id":89992,"date":"2021-08-18T15:14:43","date_gmt":"2021-08-18T18:14:43","guid":{"rendered":"https:\/\/portalpopmais.com.br\/?p=89992"},"modified":"2021-08-18T15:20:12","modified_gmt":"2021-08-18T18:20:12","slug":"ojunife-majur-anuncia-versao-ao-vivo-de-seu-album-de-estreia","status":"publish","type":"post","link":"https:\/\/portalpopmais.com.br\/en\/ojunife-majur-anuncia-versao-ao-vivo-de-seu-album-de-estreia\/","title":{"rendered":"&#8220;Ojunif\u00e9&#8221;: Majur anuncia vers\u00e3o ao vivo de seu \u00e1lbum de estreia"},"content":{"rendered":"<p class=\"wp-block-paragraph\">A cantora revela\u00e7\u00e3o <strong><a href=\"http:\/\/instagram.com\/majur\" target=\"_blank\" rel=\"noreferrer noopener\">Majur<\/a><\/strong> lan\u00e7a nesta quarta-feira, 18, a primeira parte de <strong>\u201cOjunif\u00e9 Ao Vivo\u201d<\/strong>, registro ao vivo de seu disco de estreia. O projeto reunir\u00e1 v\u00eddeos de performances ao vivo de todas as faixas do \u00e1lbum. <em>\u201c\u00c9 uma experi\u00eancia sensorial e um registro documental da minha hist\u00f3ria, voz e talento. E, como eu sou uma artista visual, quis trazer a sensa\u00e7\u00e3o de viver o \u00e1lbum\u201d<\/em>, ela comenta. <\/p>\n\n\n\n<p class=\"wp-block-paragraph\">Chegam ao <a href=\"https:\/\/www.youtube.com\/channel\/UCWBT9Q2A3sCmbtwMNJNDS7Q\" target=\"_blank\" rel=\"noreferrer noopener\">canal do YouTube da cantora<\/a> essa semana os v\u00eddeos das primeiras quatro faixas da tracklist: \u201cAg\u00f4\u201d, \u201cFlua\u201d, \u201cOgunt\u00e9\u201d e \u201cEnci\u00e9ndeme\u201d, todas com produ\u00e7\u00e3o musical de Ubunto, produ\u00e7\u00e3o criativa de Bruno Pimentel, dire\u00e7\u00e3o musical da pr\u00f3pria Majur e looks assinados pela Von Trapp, marca que j\u00e1 trabalhou com Sabrina Sato e Camila Coutinho.<\/p>\n\n\n\n<figure class=\"wp-block-embed aligncenter is-type-video is-provider-youtube wp-block-embed-youtube wp-embed-aspect-16-9 wp-has-aspect-ratio\"><div class=\"wp-block-embed__wrapper\">\n<iframe loading=\"lazy\" title=\"MAJUR - Ag\u00f4 (Ojunif\u00e9 Ao Vivo)\" width=\"880\" height=\"495\" src=\"https:\/\/www.youtube.com\/embed\/eBIeY9Fx1H4?feature=oembed\" frameborder=\"0\" allow=\"accelerometer; autoplay; clipboard-write; encrypted-media; gyroscope; picture-in-picture\" allowfullscreen><\/iframe>\n<\/div><\/figure>\n\n\n\n<p class=\"wp-block-paragraph\">Do idioma iorub\u00e1, \u201cOjunif\u00e9\u201d significa \u201colhos do amor\u201d. O primeiro \u00e1lbum de Majur versa exatamente sobre isso: o olhar amoroso que ela desenvolveu por si mesma, em nome da pr\u00f3pria felicidade. Foi lan\u00e7ado no dia 12 de maio de 2021, fruto de dois anos de trabalho de sua int\u00e9rprete, que tamb\u00e9m assina todas as composi\u00e7\u00f5es. Participam do disco as cantoras Liniker e Luedji Luna. Majur caiu no gosto do grande p\u00fablico ap\u00f3s emprestar seus poderosos vocais para \u201cAmarElo\u201d, faixa do rapper Emicida, que conta tamb\u00e9m com a participa\u00e7\u00e3o de Pabllo Vittar e foi lan\u00e7ada em 2019.<\/p>","protected":false},"excerpt":{"rendered":"<p>A cantora revela\u00e7\u00e3o Majur lan\u00e7a nesta quarta-feira, 18, a primeira parte de \u201cOjunif\u00e9 Ao Vivo\u201d, registro ao vivo de seu disco de estreia. O projeto reunir\u00e1 v\u00eddeos de performances ao vivo de todas as faixas do \u00e1lbum. \u201c\u00c9 uma experi\u00eancia sensorial e um registro documental da minha hist\u00f3ria, voz e talento. E, como eu sou [&hellip;]<\/p>\n","protected":false},"author":1,"featured_media":89993,"comment_status":"closed","ping_status":"open","sticky":false,"template":"","format":"standard","meta":{"footnotes":""},"categories":[154],"tags":[2163,8565],"class_list":["post-89992","post","type-post","status-publish","format-standard","has-post-thumbnail","hentry","category-musica","tag-capa","tag-majur"],"_links":{"self":[{"href":"https:\/\/portalpopmais.com.br\/en\/wp-json\/wp\/v2\/posts\/89992","targetHints":{"allow":["GET"]}}],"collection":[{"href":"https:\/\/portalpopmais.com.br\/en\/wp-json\/wp\/v2\/posts"}],"about":[{"href":"https:\/\/portalpopmais.com.br\/en\/wp-json\/wp\/v2\/types\/post"}],"author":[{"embeddable":true,"href":"https:\/\/portalpopmais.com.br\/en\/wp-json\/wp\/v2\/users\/1"}],"replies":[{"embeddable":true,"href":"https:\/\/portalpopmais.com.br\/en\/wp-json\/wp\/v2\/comments?post=89992"}],"version-history":[{"count":0,"href":"https:\/\/portalpopmais.com.br\/en\/wp-json\/wp\/v2\/posts\/89992\/revisions"}],"wp:featuredmedia":[{"embeddable":true,"href":"https:\/\/portalpopmais.com.br\/en\/wp-json\/wp\/v2\/media\/89993"}],"wp:attachment":[{"href":"https:\/\/portalpopmais.com.br\/en\/wp-json\/wp\/v2\/media?parent=89992"}],"wp:term":[{"taxonomy":"category","embeddable":true,"href":"https:\/\/portalpopmais.com.br\/en\/wp-json\/wp\/v2\/categories?post=89992"},{"taxonomy":"post_tag","embeddable":true,"href":"https:\/\/portalpopmais.com.br\/en\/wp-json\/wp\/v2\/tags?post=89992"}],"curies":[{"name":"wp","href":"https:\/\/api.w.org\/{rel}","templated":true}]}}