{"id":91585,"date":"2021-09-08T20:03:00","date_gmt":"2021-09-08T23:03:00","guid":{"rendered":"https:\/\/portalpopmais.com.br\/?p=91585"},"modified":"2021-09-08T20:03:03","modified_gmt":"2021-09-08T23:03:03","slug":"morre-dudu-braga-filho-de-roberto-carlos","status":"publish","type":"post","link":"https:\/\/portalpopmais.com.br\/en\/morre-dudu-braga-filho-de-roberto-carlos\/","title":{"rendered":"Dudu Braga, filho de Roberto Carlos, morre aos 52 anos v\u00edtima de c\u00e2ncer"},"content":{"rendered":"<p>Morreu na tarde desta quarta-feira (08) <a href=\"https:\/\/portalpopmais.com.br\/en\/trends\/dudu-braga\/\" target=\"_blank\" data-type=\"post_tag\" data-id=\"9185\" rel=\"noreferrer noopener\">Dudu Braga<\/a>, filho do cantor Roberto Carlos. O produtor musical, de 52 anos, faleceu v\u00edtima de um c\u00e2ncer de perit\u00f4nio. A informa\u00e7\u00e3o foi confirmada pelo jornalista Fefito no programa \u201cMulheres\u201d, da TV Gazeta, e por Boninho, diretor da Globo e amigo pessoal de Dudu.<\/p>\n\n\n\n<p><em>\u201cDudu voc\u00ea foi um guerreiro, lutou contra essa doen\u00e7a bravamente at\u00e9 o final. Vai deixar saudades. Fica um paz. Meus sentimentos a fam\u00edlia e meu querido amigo Roberto Carlos\u201d<\/em>, disse <a href=\"https:\/\/www.instagram.com\/jbboninho\/\" target=\"_blank\" rel=\"noreferrer noopener\">Boninho<\/a> em seu perfil no Instagram.<\/p>\n\n\n\n<p>Ele lutava desde setembro do ano passado contra um c\u00e2ncer no perit\u00f4nio, membrana que envolve a parede abdominal. Anteriormente, Dudu j\u00e1 havia sido diagnosticado duas vezes com c\u00e2ncer no p\u00e2ncreas.<\/p>\n\n\n\n<p>Na \u00e9poca do diagn\u00f3stico, Dudu Braga mostrou muito otimismo:<em> \u201cEstou bem, ou melhor, estou indo. Continuo fazendo as sess\u00f5es de quimioterapia, s\u00f3 que mudamos o tratamento para um outro quimioter\u00e1pico. O tumor est\u00e1 est\u00e1vel, n\u00e3o houve uma regress\u00e3o nem uma progress\u00e3o. Os m\u00e9dicos decidiram trocar o medicamento\u201d, <\/em>declarou ele na ocasi\u00e3o.<\/p>\n\n\n\n<p>Dudu Braga deixa a esposa Valeska Braga, com quem era casado h\u00e1 17 anos, e Laura, a filha de 5 anos do casal.<\/p>","protected":false},"excerpt":{"rendered":"<p>Morreu na tarde desta quarta-feira (08) Dudu Braga, filho do cantor Roberto Carlos. O produtor musical, de 52 anos, faleceu v\u00edtima de um c\u00e2ncer de perit\u00f4nio. A informa\u00e7\u00e3o foi confirmada pelo jornalista Fefito no programa \u201cMulheres\u201d, da TV Gazeta, e por Boninho, diretor da Globo e amigo pessoal de Dudu. \u201cDudu voc\u00ea foi um guerreiro, [&hellip;]<\/p>\n","protected":false},"author":2,"featured_media":91586,"comment_status":"closed","ping_status":"open","sticky":false,"template":"","format":"standard","meta":{"footnotes":""},"categories":[173],"tags":[9185,1909],"class_list":["post-91585","post","type-post","status-publish","format-standard","has-post-thumbnail","hentry","category-celebridades","tag-dudu-braga","tag-roberto-carlos"],"_links":{"self":[{"href":"https:\/\/portalpopmais.com.br\/en\/wp-json\/wp\/v2\/posts\/91585","targetHints":{"allow":["GET"]}}],"collection":[{"href":"https:\/\/portalpopmais.com.br\/en\/wp-json\/wp\/v2\/posts"}],"about":[{"href":"https:\/\/portalpopmais.com.br\/en\/wp-json\/wp\/v2\/types\/post"}],"author":[{"embeddable":true,"href":"https:\/\/portalpopmais.com.br\/en\/wp-json\/wp\/v2\/users\/2"}],"replies":[{"embeddable":true,"href":"https:\/\/portalpopmais.com.br\/en\/wp-json\/wp\/v2\/comments?post=91585"}],"version-history":[{"count":0,"href":"https:\/\/portalpopmais.com.br\/en\/wp-json\/wp\/v2\/posts\/91585\/revisions"}],"wp:featuredmedia":[{"embeddable":true,"href":"https:\/\/portalpopmais.com.br\/en\/wp-json\/wp\/v2\/media\/91586"}],"wp:attachment":[{"href":"https:\/\/portalpopmais.com.br\/en\/wp-json\/wp\/v2\/media?parent=91585"}],"wp:term":[{"taxonomy":"category","embeddable":true,"href":"https:\/\/portalpopmais.com.br\/en\/wp-json\/wp\/v2\/categories?post=91585"},{"taxonomy":"post_tag","embeddable":true,"href":"https:\/\/portalpopmais.com.br\/en\/wp-json\/wp\/v2\/tags?post=91585"}],"curies":[{"name":"wp","href":"https:\/\/api.w.org\/{rel}","templated":true}]}}