{"id":92006,"date":"2021-09-14T09:59:57","date_gmt":"2021-09-14T12:59:57","guid":{"rendered":"https:\/\/portalpopmais.com.br\/?p=92006"},"modified":"2021-09-14T10:00:06","modified_gmt":"2021-09-14T13:00:06","slug":"ines-brasil-expulsa-a-fazenda","status":"publish","type":"post","link":"https:\/\/portalpopmais.com.br\/en\/ines-brasil-expulsa-a-fazenda\/","title":{"rendered":"In\u00eas Brasil \u00e9 convidada para conhecer a sede de &#8220;A Fazenda&#8221;, mas \u00e9 expulsa; veja v\u00eddeo"},"content":{"rendered":"<p><strong><a href=\"https:\/\/portalpopmais.com.br\/en\/ines-brasil-exige-cache-cerveja-salaminho\/\" data-type=\"post\" data-id=\"76460\" target=\"_blank\" rel=\"noreferrer noopener\">In\u00eas Brasil<\/a><\/strong> fez uma divertida participa\u00e7\u00e3o na pr\u00e9-estreia de &#8220;A Fazenda&#8221;, na <a href=\"http:\/\/r7.com\" target=\"_blank\" rel=\"noreferrer noopener\">Record TV<\/a>, na noite desta segunda-feira (13). A cantora recebeu um convite para conhecer a sede do reality show, em Itapecerica da Serra, no interior de S\u00e3o Paulo. In\u00eas chegou por l\u00e1 toda produzida e animada, interagiu com os animais e agradeceu a oportunidade de estar ali.<\/p>\n\n\n\n<p>Mas a passagem da cantora pelo reality rural foi breve, isso porqu\u00ea ela acabou sendo expulsa do local por um seguran\u00e7a. Ainda assim, ela continuou agradecendo a oportunidade. Tudo parte de uma brincadeira, claro. <\/p>\n\n\n\n<p>Por\u00e9m, os internautas n\u00e3o ficaram nada felizes com a &#8220;expuls\u00e3o&#8221; de In\u00eas, e repercutiram o assunto no Twitter. <em>&#8220;Carelli por favor, coloca a In\u00eas Brasil na fazenda 14, por favor!!!&#8221;<\/em>, disse uma pessoa nas redes sociais.<em> &#8220;Se tem uma pessoa que deveria entrar para a A Fazenda \u00e9 a In\u00eas Brasil, ela merecia muito&#8221;<\/em>, disse outro telespectador. <em>&#8220;D\u00e1 pra trocar o MC Gui pela In\u00eas Brasil?&#8221;,<\/em> perguntou uma pessoa.<\/p>\n\n\n\n<p>Assista:<\/p>\n\n\n\n<figure class=\"wp-block-embed is-type-rich is-provider-twitter wp-block-embed-twitter\"><div class=\"wp-block-embed__wrapper\">\n<blockquote class=\"twitter-tweet\" data-width=\"550\" data-dnt=\"true\"><p lang=\"pt\" dir=\"ltr\">se tem uma pessoa que deveria entrar pra a fazenda era a ines Brasil, ela merece muitoo <a href=\"https:\/\/t.co\/5kaOvXs3GB\">pic.twitter.com\/5kaOvXs3GB<\/a><\/p>&mdash; cle &amp; tu (@cleitxu) <a href=\"https:\/\/twitter.com\/cleitxu\/status\/1437610053629005831?ref_src=twsrc%5Etfw\" target=\"_blank\" rel=\"noopener\">September 14, 2021<\/a><\/blockquote><script async src=\"https:\/\/platform.twitter.com\/widgets.js\" charset=\"utf-8\"><\/script>\n<\/div><\/figure>","protected":false},"excerpt":{"rendered":"<p>In\u00eas Brasil fez uma divertida participa\u00e7\u00e3o na pr\u00e9-estreia de &#8220;A Fazenda&#8221;, na Record TV, na noite desta segunda-feira (13). A cantora recebeu um convite para conhecer a sede do reality show, em Itapecerica da Serra, no interior de S\u00e3o Paulo. In\u00eas chegou por l\u00e1 toda produzida e animada, interagiu com os animais e agradeceu a [&hellip;]<\/p>\n","protected":false},"author":2,"featured_media":92007,"comment_status":"closed","ping_status":"open","sticky":false,"template":"","format":"standard","meta":{"footnotes":""},"categories":[8605],"tags":[8906,8212],"class_list":["post-92006","post","type-post","status-publish","format-standard","has-post-thumbnail","hentry","category-realities","tag-a-fazenda-13","tag-ines-brasil"],"_links":{"self":[{"href":"https:\/\/portalpopmais.com.br\/en\/wp-json\/wp\/v2\/posts\/92006","targetHints":{"allow":["GET"]}}],"collection":[{"href":"https:\/\/portalpopmais.com.br\/en\/wp-json\/wp\/v2\/posts"}],"about":[{"href":"https:\/\/portalpopmais.com.br\/en\/wp-json\/wp\/v2\/types\/post"}],"author":[{"embeddable":true,"href":"https:\/\/portalpopmais.com.br\/en\/wp-json\/wp\/v2\/users\/2"}],"replies":[{"embeddable":true,"href":"https:\/\/portalpopmais.com.br\/en\/wp-json\/wp\/v2\/comments?post=92006"}],"version-history":[{"count":0,"href":"https:\/\/portalpopmais.com.br\/en\/wp-json\/wp\/v2\/posts\/92006\/revisions"}],"wp:featuredmedia":[{"embeddable":true,"href":"https:\/\/portalpopmais.com.br\/en\/wp-json\/wp\/v2\/media\/92007"}],"wp:attachment":[{"href":"https:\/\/portalpopmais.com.br\/en\/wp-json\/wp\/v2\/media?parent=92006"}],"wp:term":[{"taxonomy":"category","embeddable":true,"href":"https:\/\/portalpopmais.com.br\/en\/wp-json\/wp\/v2\/categories?post=92006"},{"taxonomy":"post_tag","embeddable":true,"href":"https:\/\/portalpopmais.com.br\/en\/wp-json\/wp\/v2\/tags?post=92006"}],"curies":[{"name":"wp","href":"https:\/\/api.w.org\/{rel}","templated":true}]}}