{"id":92377,"date":"2021-09-18T11:00:23","date_gmt":"2021-09-18T14:00:23","guid":{"rendered":"https:\/\/portalpopmais.com.br\/?p=92377"},"modified":"2021-09-18T11:19:03","modified_gmt":"2021-09-18T14:19:03","slug":"confusao-na-baia-apos-nego-do-borel-tentar-beijar-dayane-e-omitida-pela-record-publico-reclama","status":"publish","type":"post","link":"https:\/\/portalpopmais.com.br\/en\/confusao-na-baia-apos-nego-do-borel-tentar-beijar-dayane-e-omitida-pela-record-publico-reclama\/","title":{"rendered":"Confus\u00e3o na baia ap\u00f3s Nego do Borel tentar beijar Dayane \u00e9 omitida pela Record; p\u00fablico reclama"},"content":{"rendered":"<p class=\"wp-block-paragraph\">A madrugada deste s\u00e1bado (18) foi intensa na sede de &#8220;A Fazenda&#8221;, especialmente na baia. <strong><a href=\"http:\/\/instagram.com\/negodoborel\" target=\"_blank\" rel=\"noreferrer noopener\">Nego do Borel<\/a><\/strong> tentou beijar Dayane, que negou. A partir da\u00ed come\u00e7ou uma confus\u00e3o.<\/p>\n\n\n\n<p class=\"wp-block-paragraph\">Em seguida, Day reclamou da falta de liberdade no reality, e momentos depois, Nego do Borel ter um surto, jogou um balde e assustou os outros pe\u00f5es.<\/p>\n\n\n\n<p class=\"wp-block-paragraph\">Ap\u00f3s o momento de desequil\u00edbrio de Nego, a produ\u00e7\u00e3o mudou a c\u00e2mera para a casa da \u00e1rvore, mas, ainda assim era poss\u00edvel ouvir os gritos dos pe\u00f5es na baia. <\/p>\n\n\n\n<p class=\"wp-block-paragraph\">Com a c\u00e2mera na casa da \u00e1rvore, o p\u00fablico apontou sobre poss\u00edveis gritos de Dynho e Solange, e que Dayane parecia estar chorando muito. Alguns tamb\u00e9m falaram sobre o estresse que o cavalo, Colorado, \u00e9 submetido por ficar com os pe\u00f5es em situa\u00e7\u00f5es assim.<\/p>\n\n\n\n<p class=\"wp-block-paragraph\">O que ser\u00e1 que aconteceu? Bom, at\u00e9 o momento ningu\u00e9m sabe o desfecho da briga, e nas redes sociais o p\u00fablico n\u00e3o poupou cr\u00edticas ao PlayPlus, servi\u00e7o de streaming da <a href=\"http:\/\/r7.com\" target=\"_blank\" rel=\"noreferrer noopener\">Record TV<\/a>. Veja as rea\u00e7\u00f5es:<\/p>\n\n\n\n<figure class=\"wp-block-embed is-type-rich is-provider-twitter wp-block-embed-twitter\"><div class=\"wp-block-embed__wrapper\">\n<blockquote class=\"twitter-tweet\" data-width=\"550\" data-dnt=\"true\"><p lang=\"pt\" dir=\"ltr\">Essa briga toda na baia &#8211; que eu nem vi, mas por outra c\u00e2mera OUVI &#8211; s\u00f3 me confirma que \u00e9 muito errado botar o cavalo para dormir no mesmo local que eles. O bicho n\u00e3o tem que passar por um estresse desse. <a href=\"https:\/\/twitter.com\/hashtag\/AFazenda13?src=hash&amp;ref_src=twsrc%5Etfw\" target=\"_blank\" rel=\"noopener\">#AFazenda13<\/a><\/p>&mdash; Vai Desmaiar (@vaidesmaiar) <a href=\"https:\/\/twitter.com\/vaidesmaiar\/status\/1439129160354574336?ref_src=twsrc%5Etfw\" target=\"_blank\" rel=\"noopener\">September 18, 2021<\/a><\/blockquote><script async src=\"https:\/\/platform.twitter.com\/widgets.js\" charset=\"utf-8\"><\/script>\n<\/div><\/figure>\n\n\n\n<figure class=\"wp-block-embed is-type-rich is-provider-twitter wp-block-embed-twitter\"><div class=\"wp-block-embed__wrapper\">\n<blockquote class=\"twitter-tweet\" data-width=\"550\" data-dnt=\"true\"><p lang=\"pt\" dir=\"ltr\">Eles tiraram a c\u00e2mera???? Da BAIA?<\/p>&mdash; Roberta Moror\u00f3 \ud83c\udf97 (@RobertaMororo) <a href=\"https:\/\/twitter.com\/RobertaMororo\/status\/1439120071666843650?ref_src=twsrc%5Etfw\" target=\"_blank\" rel=\"noopener\">September 18, 2021<\/a><\/blockquote><script async src=\"https:\/\/platform.twitter.com\/widgets.js\" charset=\"utf-8\"><\/script>\n<\/div><\/figure>\n\n\n\n<figure class=\"wp-block-embed is-type-rich is-provider-twitter wp-block-embed-twitter\"><div class=\"wp-block-embed__wrapper\">\n<blockquote class=\"twitter-tweet\" data-width=\"550\" data-dnt=\"true\"><p lang=\"pt\" dir=\"ltr\">Nunca saberemos o que realmente aconteceu na baia porque o Carelli corta as c\u00e2meras&#8230; e os palha\u00e7os \ud83e\udd21 aqui pagando esse vergonhoso playplus <a href=\"https:\/\/twitter.com\/hashtag\/AFazenda13?src=hash&amp;ref_src=twsrc%5Etfw\" target=\"_blank\" rel=\"noopener\">#AFazenda13<\/a><\/p>&mdash; DANTAS (@Dantinhas) <a href=\"https:\/\/twitter.com\/Dantinhas\/status\/1439129226846801925?ref_src=twsrc%5Etfw\" target=\"_blank\" rel=\"noopener\">September 18, 2021<\/a><\/blockquote><script async src=\"https:\/\/platform.twitter.com\/widgets.js\" charset=\"utf-8\"><\/script>\n<\/div><\/figure>\n\n\n\n<figure class=\"wp-block-embed is-type-rich is-provider-twitter wp-block-embed-twitter\"><div class=\"wp-block-embed__wrapper\">\n<blockquote class=\"twitter-tweet\" data-width=\"550\" data-dnt=\"true\"><p lang=\"pt\" dir=\"ltr\">t\u00e1 tendo treta na baia,  c\u00e2mera foi l\u00e1 rapid\u00e3o e apareceu o nego em p\u00e9 gritando alguma coisa e o povo tudo acordado<\/p>&mdash; maju. (@pradolit) <a href=\"https:\/\/twitter.com\/pradolit\/status\/1439124370140631042?ref_src=twsrc%5Etfw\" target=\"_blank\" rel=\"noopener\">September 18, 2021<\/a><\/blockquote><script async src=\"https:\/\/platform.twitter.com\/widgets.js\" charset=\"utf-8\"><\/script>\n<\/div><\/figure>","protected":false},"excerpt":{"rendered":"<p>A madrugada deste s\u00e1bado (18) foi intensa na sede de &#8220;A Fazenda&#8221;, especialmente na baia. Nego do Borel tentou beijar Dayane, que negou. A partir da\u00ed come\u00e7ou uma confus\u00e3o. Em seguida, Day reclamou da falta de liberdade no reality, e momentos depois, Nego do Borel ter um surto, jogou um balde e assustou os outros [&hellip;]<\/p>\n","protected":false},"author":2,"featured_media":92378,"comment_status":"closed","ping_status":"open","sticky":false,"template":"","format":"standard","meta":{"footnotes":""},"categories":[8605],"tags":[8906,9210,742],"class_list":["post-92377","post","type-post","status-publish","format-standard","has-post-thumbnail","hentry","category-realities","tag-a-fazenda-13","tag-dayane-mello","tag-nego-do-borel"],"_links":{"self":[{"href":"https:\/\/portalpopmais.com.br\/en\/wp-json\/wp\/v2\/posts\/92377","targetHints":{"allow":["GET"]}}],"collection":[{"href":"https:\/\/portalpopmais.com.br\/en\/wp-json\/wp\/v2\/posts"}],"about":[{"href":"https:\/\/portalpopmais.com.br\/en\/wp-json\/wp\/v2\/types\/post"}],"author":[{"embeddable":true,"href":"https:\/\/portalpopmais.com.br\/en\/wp-json\/wp\/v2\/users\/2"}],"replies":[{"embeddable":true,"href":"https:\/\/portalpopmais.com.br\/en\/wp-json\/wp\/v2\/comments?post=92377"}],"version-history":[{"count":0,"href":"https:\/\/portalpopmais.com.br\/en\/wp-json\/wp\/v2\/posts\/92377\/revisions"}],"wp:featuredmedia":[{"embeddable":true,"href":"https:\/\/portalpopmais.com.br\/en\/wp-json\/wp\/v2\/media\/92378"}],"wp:attachment":[{"href":"https:\/\/portalpopmais.com.br\/en\/wp-json\/wp\/v2\/media?parent=92377"}],"wp:term":[{"taxonomy":"category","embeddable":true,"href":"https:\/\/portalpopmais.com.br\/en\/wp-json\/wp\/v2\/categories?post=92377"},{"taxonomy":"post_tag","embeddable":true,"href":"https:\/\/portalpopmais.com.br\/en\/wp-json\/wp\/v2\/tags?post=92377"}],"curies":[{"name":"wp","href":"https:\/\/api.w.org\/{rel}","templated":true}]}}