{"id":92380,"date":"2021-09-18T11:06:51","date_gmt":"2021-09-18T14:06:51","guid":{"rendered":"https:\/\/portalpopmais.com.br\/?p=92380"},"modified":"2021-09-18T11:17:30","modified_gmt":"2021-09-18T14:17:30","slug":"nego-do-borel-chora-a-fazenda-13","status":"publish","type":"post","link":"https:\/\/portalpopmais.com.br\/en\/nego-do-borel-chora-a-fazenda-13\/","title":{"rendered":"&#8220;A Fazenda 13&#8221;: Nego do Borel se isola e cai no choro durante a festa"},"content":{"rendered":"<p class=\"wp-block-paragraph\">Nesta sexta-feira (17) rolou a primeira festa de<a href=\"http:\/\/r7.com\" target=\"_blank\" rel=\"noreferrer noopener\"> &#8220;A Fazenda 13&#8221;<\/a>, <strong><a href=\"https:\/\/portalpopmais.com.br\/en\/confusao-na-baia-apos-nego-do-borel-tentar-beijar-dayane-e-omitida-pela-record-publico-reclama\/\" target=\"_blank\" data-type=\"post\" data-id=\"92377\" rel=\"noreferrer noopener\">Nego do Borel<\/a><\/strong> resolveu se isolar dos demais participantes na pista de dan\u00e7a e caiu no choro.<\/p>\n\n\n\n<p class=\"wp-block-paragraph\">O funkeiro sentou em um banco e, sem pronunciar uma \u00fanica palavra, foi aos prantos durante a execu\u00e7\u00e3o da m\u00fasica &#8220;Xote dos Milagres&#8221;, do Falamansa.<\/p>\n\n\n\n<p class=\"wp-block-paragraph\">Assista:<\/p>\n\n\n\n<figure class=\"wp-block-embed is-type-rich is-provider-twitter wp-block-embed-twitter\"><div class=\"wp-block-embed__wrapper\">\n<blockquote class=\"twitter-tweet\" data-width=\"550\" data-dnt=\"true\"><p lang=\"pt\" dir=\"ltr\">Choro de alegria? Tristeza? Emo\u00e7\u00e3o? O <a href=\"https:\/\/twitter.com\/NegodoBorellofc?ref_src=twsrc%5Etfw\" target=\"_blank\" rel=\"noopener\">@NegodoBorellofc<\/a> se emocionou durante a festa \ud83e\udd7a<br><br>Quer acompanhar a transmiss\u00e3o 24 horas do reality? Acesse o <a href=\"https:\/\/t.co\/UpWImxSIbX\">https:\/\/t.co\/UpWImxSIbX<\/a> <a href=\"https:\/\/t.co\/mrY1dU6aoC\">pic.twitter.com\/mrY1dU6aoC<\/a><\/p>&mdash; PlayPlus (@SigaPlayPlus) <a href=\"https:\/\/twitter.com\/SigaPlayPlus\/status\/1439098324502650880?ref_src=twsrc%5Etfw\" target=\"_blank\" rel=\"noopener\">September 18, 2021<\/a><\/blockquote><script async src=\"https:\/\/platform.twitter.com\/widgets.js\" charset=\"utf-8\"><\/script>\n<\/div><\/figure>\n\n\n\n<p class=\"wp-block-paragraph\">Na festa, Liziane acusou Nego do Borel de estar se aproximando de Tati por interesse no jogo. <em>&#8220;Voc\u00ea est\u00e1 fazendo VT com a Tati. Fodasse, eu t\u00f4 falando. Voc\u00ea t\u00e1 querendo pagar de bom menino com a Tati. Nego, todo mundo t\u00e1 achando isso e eu t\u00f4 te falando. Voc\u00ea n\u00e3o precisava conhecer a Tati agora. Porra, voc\u00eas s\u00e3o do funk&#8221;,<\/em> disparou ela.<\/p>\n\n\n\n<p class=\"wp-block-paragraph\">Borel se esquivou do conflito e preferiu deixar o local em que a modelo estava. O cantor saiu em sil\u00eancio.<\/p>","protected":false},"excerpt":{"rendered":"<p>Nesta sexta-feira (17) rolou a primeira festa de &#8220;A Fazenda 13&#8221;, Nego do Borel resolveu se isolar dos demais participantes na pista de dan\u00e7a e caiu no choro. O funkeiro sentou em um banco e, sem pronunciar uma \u00fanica palavra, foi aos prantos durante a execu\u00e7\u00e3o da m\u00fasica &#8220;Xote dos Milagres&#8221;, do Falamansa. Assista: Na [&hellip;]<\/p>\n","protected":false},"author":2,"featured_media":92381,"comment_status":"closed","ping_status":"open","sticky":false,"template":"","format":"standard","meta":{"footnotes":""},"categories":[8605],"tags":[8906,742],"class_list":["post-92380","post","type-post","status-publish","format-standard","has-post-thumbnail","hentry","category-realities","tag-a-fazenda-13","tag-nego-do-borel"],"_links":{"self":[{"href":"https:\/\/portalpopmais.com.br\/en\/wp-json\/wp\/v2\/posts\/92380","targetHints":{"allow":["GET"]}}],"collection":[{"href":"https:\/\/portalpopmais.com.br\/en\/wp-json\/wp\/v2\/posts"}],"about":[{"href":"https:\/\/portalpopmais.com.br\/en\/wp-json\/wp\/v2\/types\/post"}],"author":[{"embeddable":true,"href":"https:\/\/portalpopmais.com.br\/en\/wp-json\/wp\/v2\/users\/2"}],"replies":[{"embeddable":true,"href":"https:\/\/portalpopmais.com.br\/en\/wp-json\/wp\/v2\/comments?post=92380"}],"version-history":[{"count":0,"href":"https:\/\/portalpopmais.com.br\/en\/wp-json\/wp\/v2\/posts\/92380\/revisions"}],"wp:featuredmedia":[{"embeddable":true,"href":"https:\/\/portalpopmais.com.br\/en\/wp-json\/wp\/v2\/media\/92381"}],"wp:attachment":[{"href":"https:\/\/portalpopmais.com.br\/en\/wp-json\/wp\/v2\/media?parent=92380"}],"wp:term":[{"taxonomy":"category","embeddable":true,"href":"https:\/\/portalpopmais.com.br\/en\/wp-json\/wp\/v2\/categories?post=92380"},{"taxonomy":"post_tag","embeddable":true,"href":"https:\/\/portalpopmais.com.br\/en\/wp-json\/wp\/v2\/tags?post=92380"}],"curies":[{"name":"wp","href":"https:\/\/api.w.org\/{rel}","templated":true}]}}