{"id":92383,"date":"2021-09-18T15:59:50","date_gmt":"2021-09-18T18:59:50","guid":{"rendered":"https:\/\/portalpopmais.com.br\/?p=92383"},"modified":"2021-09-18T16:18:10","modified_gmt":"2021-09-18T19:18:10","slug":"anitta-e-a-sindrome-de-vira-latas-do-brasileiro","status":"publish","type":"post","link":"https:\/\/portalpopmais.com.br\/en\/anitta-e-a-sindrome-de-vira-latas-do-brasileiro\/","title":{"rendered":"Anitta e a s\u00edndrome de vira-lata do brasileiro"},"content":{"rendered":"<p>O ano \u00e9 2021 e ainda vemos, de forma corriqueira, ataques gratuitos na tentativa de descredibilizar conquistas de talentos brasileiros. Um dos nomes que diariamente recebe investidas negativas \u00e9 <strong><a href=\"http:\/\/instagram.com\/anitta\" target=\"_blank\" rel=\"noreferrer noopener\">Anitta<\/a><\/strong>.<\/p>\n\n\n\n<p>J\u00e1 dizia um colunista do O Globo, voc\u00ea pode n\u00e3o gostar dela, mas \u00e9 ineg\u00e1vel tudo o que a menina de Hon\u00f3rio Gurgel conquistou em sua carreira.<\/p>\n\n\n\n<p>Ontem (17), a jornalista F\u00e1bia Oliveira publicou uma nota, que soou como uma esp\u00e9cie de repres\u00e1lia, onde afirma que tudo o que vimos e noticiamos sobre Anitta nos \u00faltimos dias est\u00e1 fora de contexto. Seriam a\u00e7\u00f5es de marketing, aumentadas pela equipe de comunica\u00e7\u00e3o da cantora.<\/p>\n\n\n\n<p>VMA, <a href=\"https:\/\/portalpopmais.com.br\/en\/fotografos-saem-no-tapa-por-foto-de-rihanna-no-met-gala\/\" target=\"_blank\" data-type=\"post\" data-id=\"92018\" rel=\"noreferrer noopener\">Met Gala<\/a> e at\u00e9 a colabora\u00e7\u00e3o com Madonna foram postas em xeque pela jornalista. Imagine chegar ao ponto de dizer que Anitta pagou Madonna para colaborar com a mesma, ainda mais em uma m\u00fasica que est\u00e1 no pr\u00f3prio \u00e1lbum da Rainha do Pop, que por sinal \u00e9 bilion\u00e1ria.<\/p>\n\n\n\n<p>Segundo F\u00e1bia, tudo o que Anitta conquistou nos \u00faltimos tempos \u00e9 fruto de muito dinheiro gasto. Mas \u00e9 importante lembrar que para se ter algo de sucesso, \u00e9 preciso investir. Anitta provavelmente gastou bastante, mas n\u00e3o como sugerido pela jornalista do O Dia.<\/p>\n\n\n\n<p>Falar v\u00e1rias l\u00ednguas, pagar uma equipe competente, que inclui do nutricionista ao maquiador, isso exige dinheiro. Fora isso, \u00e9 dif\u00edcil acreditar que a nossa garota do Rio de fato est\u00e1 dando seus primeiros passos l\u00e1 fora de forma org\u00e2nica?<\/p>\n\n\n\n<p>Foi-se o tempo que brasileiros eram simples objetos inanimados no caminho de grandes estrelas internacionais. H\u00e1 algum tempo os olhos do mundo se voltaram para a nossa cultura. Anitta tem sua parcela nisso, principalmente na Am\u00e9rica Latina. N\u00e3o \u00e9 preciso ir longe para ver nomes como Tropkillaz fornecendo beat de m\u00fasicas de k-pop, Alok colaborando com grandes nomes da cena internacional, Lady Gaga lan\u00e7ando forr\u00f3 com Pabllo Vittar, entre tantos outros que vimos nos \u00faltimos anos. \u00c9 muito estranho a nossa maior estrela pop ir na contram\u00e3o dessa onda, certo F\u00e1bia?<\/p>\n\n\n\n<p>Talvez seja hora de sair da reda\u00e7\u00e3o e se atualizar com o que de fato tem acontecido no mundo, e n\u00e3o apenas na bolha da fofoca de subcelebridades. A s\u00edndrome que assola o brasileiro, que sempre se enxerga menor do que os estrangeiros, precisa acabar. Temos talentos, condi\u00e7\u00f5es e vontade de ser maiores do que j\u00e1 somos. \u00c9 preciso que todos enxerguem isso. Anitta j\u00e1 o fez!<\/p>","protected":false},"excerpt":{"rendered":"<p>O ano \u00e9 2021 e ainda vemos, de forma corriqueira, ataques gratuitos na tentativa de descredibilizar conquistas de talentos brasileiros. Um dos nomes que diariamente recebe investidas negativas \u00e9 Anitta. J\u00e1 dizia um colunista do O Globo, voc\u00ea pode n\u00e3o gostar dela, mas \u00e9 ineg\u00e1vel tudo o que a menina de Hon\u00f3rio Gurgel conquistou em [&hellip;]<\/p>\n","protected":false},"author":1,"featured_media":82257,"comment_status":"closed","ping_status":"open","sticky":false,"template":"","format":"standard","meta":{"footnotes":""},"categories":[1],"tags":[167,8005],"class_list":["post-92383","post","type-post","status-publish","format-standard","has-post-thumbnail","hentry","category-fire2","tag-anitta","tag-fabia-oliveira"],"_links":{"self":[{"href":"https:\/\/portalpopmais.com.br\/en\/wp-json\/wp\/v2\/posts\/92383","targetHints":{"allow":["GET"]}}],"collection":[{"href":"https:\/\/portalpopmais.com.br\/en\/wp-json\/wp\/v2\/posts"}],"about":[{"href":"https:\/\/portalpopmais.com.br\/en\/wp-json\/wp\/v2\/types\/post"}],"author":[{"embeddable":true,"href":"https:\/\/portalpopmais.com.br\/en\/wp-json\/wp\/v2\/users\/1"}],"replies":[{"embeddable":true,"href":"https:\/\/portalpopmais.com.br\/en\/wp-json\/wp\/v2\/comments?post=92383"}],"version-history":[{"count":0,"href":"https:\/\/portalpopmais.com.br\/en\/wp-json\/wp\/v2\/posts\/92383\/revisions"}],"wp:featuredmedia":[{"embeddable":true,"href":"https:\/\/portalpopmais.com.br\/en\/wp-json\/wp\/v2\/media\/82257"}],"wp:attachment":[{"href":"https:\/\/portalpopmais.com.br\/en\/wp-json\/wp\/v2\/media?parent=92383"}],"wp:term":[{"taxonomy":"category","embeddable":true,"href":"https:\/\/portalpopmais.com.br\/en\/wp-json\/wp\/v2\/categories?post=92383"},{"taxonomy":"post_tag","embeddable":true,"href":"https:\/\/portalpopmais.com.br\/en\/wp-json\/wp\/v2\/tags?post=92383"}],"curies":[{"name":"wp","href":"https:\/\/api.w.org\/{rel}","templated":true}]}}