{"id":92562,"date":"2021-09-21T12:01:42","date_gmt":"2021-09-21T15:01:42","guid":{"rendered":"https:\/\/portalpopmais.com.br\/?p=92562"},"modified":"2021-09-21T12:01:50","modified_gmt":"2021-09-21T15:01:50","slug":"gui-araujo-indicar-nego-do-borel-roca-a-fazenda","status":"publish","type":"post","link":"https:\/\/portalpopmais.com.br\/en\/gui-araujo-indicar-nego-do-borel-roca-a-fazenda\/","title":{"rendered":"&#8220;A Fazenda 13&#8221;: Gui Araujo diz que vai mandar Borel \u00e0 ro\u00e7a: &#8220;Discurso t\u00e1 pronto&#8221;"},"content":{"rendered":"<p class=\"wp-block-paragraph\">Fazendeiro da semana, <strong><a href=\"http:\/\/instagram.com\/guiaraujo\" target=\"_blank\" rel=\"noreferrer noopener\">Gui Araujo<\/a><\/strong> j\u00e1 decidiu quem ir\u00e1 enviar para a primeira ro\u00e7a de &#8220;A Fazenda 13&#8221;. Durante conversa com MC Gui, na manh\u00e3 de hoje (21), o influenciador revelou que <strong><a href=\"https:\/\/portalpopmais.com.br\/en\/gui-araujo-faz-desabafo-sobre-conversa-com-nego-do-borel-quase-fiz-merda\/\" target=\"_blank\" data-type=\"post\" data-id=\"92546\" rel=\"noreferrer noopener\">Nego do Borel<\/a><\/strong> ser\u00e1 o alvo.<\/p>\n\n\n\n<p class=\"wp-block-paragraph\"><em>&#8220;Meu discurso est\u00e1 pronto. Ele fica querendo desestabilizar as pessoas. Eu durmo e acordo tranquilo, ele dorme e acorda chorando por causa das bostas que faz. Na hora que eu for dar minha indica\u00e7\u00e3o, voc\u00ea vai ver. Vai ser com classe&#8221;<\/em>, disse Gui Araujo.<\/p>\n\n\n\n<p class=\"wp-block-paragraph\">O funkeiro concordou com o colega e relembrou a atitude de Tiago Piquilo no jogo da disc\u00f3rdia, quando colocou o cantor como o primeiro eliminado para faz\u00ea-lo refletir sobre suas a\u00e7\u00f5es. <em>&#8220;Depois do que o Tiago falou para ele, ele tinha que ter aprendido pelo menos alguma coisa&#8221;<\/em>, disse.<\/p>\n\n\n\n<h2 class=\"wp-block-heading\">Gui Araujo e Borel conversam mas n\u00e3o se entendem<\/h2>\n\n\n\n<p class=\"wp-block-paragraph\">Ontem, Nego do Borel e Gui Araujo tiveram uma longa conversa na casa da \u00e1rvore, e falaram a respeito de suas diverg\u00eancias dentro e fora do reality. Por\u00e9m, o papo terminou sem um entendimento entre os dois. Veja <a href=\"https:\/\/portalpopmais.com.br\/en\/gui-araujo-conversa-nego-do-borel-nao-confio\/\" target=\"_blank\" data-type=\"post\" data-id=\"92523\" rel=\"noreferrer noopener\">aqui<\/a>.<\/p>","protected":false},"excerpt":{"rendered":"<p>Fazendeiro da semana, Gui Araujo j\u00e1 decidiu quem ir\u00e1 enviar para a primeira ro\u00e7a de &#8220;A Fazenda 13&#8221;. Durante conversa com MC Gui, na manh\u00e3 de hoje (21), o influenciador revelou que Nego do Borel ser\u00e1 o alvo. &#8220;Meu discurso est\u00e1 pronto. Ele fica querendo desestabilizar as pessoas. Eu durmo e acordo tranquilo, ele dorme [&hellip;]<\/p>\n","protected":false},"author":2,"featured_media":92563,"comment_status":"closed","ping_status":"open","sticky":false,"template":"","format":"standard","meta":{"footnotes":""},"categories":[8605],"tags":[8906,9247,742],"class_list":["post-92562","post","type-post","status-publish","format-standard","has-post-thumbnail","hentry","category-realities","tag-a-fazenda-13","tag-gui-araujo-3","tag-nego-do-borel"],"_links":{"self":[{"href":"https:\/\/portalpopmais.com.br\/en\/wp-json\/wp\/v2\/posts\/92562","targetHints":{"allow":["GET"]}}],"collection":[{"href":"https:\/\/portalpopmais.com.br\/en\/wp-json\/wp\/v2\/posts"}],"about":[{"href":"https:\/\/portalpopmais.com.br\/en\/wp-json\/wp\/v2\/types\/post"}],"author":[{"embeddable":true,"href":"https:\/\/portalpopmais.com.br\/en\/wp-json\/wp\/v2\/users\/2"}],"replies":[{"embeddable":true,"href":"https:\/\/portalpopmais.com.br\/en\/wp-json\/wp\/v2\/comments?post=92562"}],"version-history":[{"count":0,"href":"https:\/\/portalpopmais.com.br\/en\/wp-json\/wp\/v2\/posts\/92562\/revisions"}],"wp:featuredmedia":[{"embeddable":true,"href":"https:\/\/portalpopmais.com.br\/en\/wp-json\/wp\/v2\/media\/92563"}],"wp:attachment":[{"href":"https:\/\/portalpopmais.com.br\/en\/wp-json\/wp\/v2\/media?parent=92562"}],"wp:term":[{"taxonomy":"category","embeddable":true,"href":"https:\/\/portalpopmais.com.br\/en\/wp-json\/wp\/v2\/categories?post=92562"},{"taxonomy":"post_tag","embeddable":true,"href":"https:\/\/portalpopmais.com.br\/en\/wp-json\/wp\/v2\/tags?post=92562"}],"curies":[{"name":"wp","href":"https:\/\/api.w.org\/{rel}","templated":true}]}}