{"id":92626,"date":"2021-09-22T10:36:07","date_gmt":"2021-09-22T13:36:07","guid":{"rendered":"https:\/\/portalpopmais.com.br\/?p=92626"},"modified":"2021-09-22T10:36:15","modified_gmt":"2021-09-22T13:36:15","slug":"nego-do-borel-desabafo-julgado-jogar-balde","status":"publish","type":"post","link":"https:\/\/portalpopmais.com.br\/en\/nego-do-borel-desabafo-julgado-jogar-balde\/","title":{"rendered":"&#8220;T\u00f4 sendo julgado porque joguei um balde na porta&#8221;, desabafa Nego do Borel"},"content":{"rendered":"\n<p class=\"wp-block-paragraph\"><a href=\"https:\/\/portalpopmais.com.br\/nego-do-borel-liziane-solange-e-erika-estao-na-primeira-roca\/\" target=\"_blank\" data-type=\"post\" data-id=\"92614\" rel=\"noreferrer noopener\">Indicado para a ro\u00e7a pelo fazendeiro da semana, Gui Araujo<\/a>, <strong><a href=\"http:\/\/instagram.com\/negodoborel\" target=\"_blank\" rel=\"noreferrer noopener\">Nego do Borel<\/a><\/strong> desabafou com MC Gui e Tiago Piquilo, na madrugada de hoje (22), sobre estar sendo julgado dentro do reality sem poder apresentar a sua vers\u00e3o dos fatos.<\/p>\n\n\n\n<p class=\"wp-block-paragraph\"><em>&#8220;Gosto de pessoas humildes, t\u00e1 ligado? O Ti, o Vit\u00e3o, o MC Gui que agora a gente desenrolou, a gente conversou e pedi desculpas pra ele. Tem muita gente se baseando aqui dentro nas coisas l\u00e1 de fora, t\u00e1 ligado? Muitas pessoas n\u00e3o ouviram o Gui estar numa discuss\u00e3o sem sair da classe. Muitas pessoas olham pra gente porque a gente \u00e9 o funkeiro que fala isso e aquilo e n\u00e3o vale nada, n\u00e3o presta e n\u00e3o \u00e9 boa pessoa. Sendo que tem um monte de gente que \u00e9 mascarado&#8221;,<\/em> disse Borel.<\/p>\n\n\n\n<p class=\"wp-block-paragraph\">O cantor disse ainda ter no\u00e7\u00e3o de que suas pol\u00eamicas fora do programa t\u00eam sido levadas em considera\u00e7\u00e3o pelos pe\u00f5es em &#8220;A Fazenda 13&#8221;.<\/p>\n\n\n\n<p class=\"wp-block-paragraph\"><em>&#8220;Tem um mont\u00e3o de gente que n\u00e3o tive seus erros expostos como eu e o Gui tivemos. Teve muita coisa que fala coisas de mim que n\u00e3o \u00e9 verdade, t\u00e1 ligado? As pessoas acham o que elas veem, julgam pelo que veem e entendo, mas aqui dentro muitas pessoas falam: &#8216;p\u00f4, eu n\u00e3o te julgo pelo o que aconteceu l\u00e1 fora. Te julgo por aqui&#8217;. Ca\u00f4, p\u00f4&#8221;<\/em>, disse.<\/p>\n\n\n\n<p class=\"wp-block-paragraph\">Borel ainda pegou um balde para recriar a confus\u00e3o vivida na baia, no \u00faltimo final de semana. O funkeiro ent\u00e3o jogou o objeto contra a porta na inten\u00e7\u00e3o de mostrar aos colegas de confinamento qual foi o seu erro em toda a hist\u00f3ria.<\/p>\n\n\n\n<p class=\"wp-block-paragraph\"><em>&#8220;Teve o problema da baia que eu peguei o balde e fiz assim [gesticulando com as m\u00e3os para dizer que jogou na porta]. A\u00ed depois, eu sentei, discuti com os parceiros, peguei e deitei. Uma semana, nove dias depois, e eu t\u00f4 sendo julgado porque joguei um balde na porta. N\u00e3o foi desse jeito e quer dizer: eu sou julgado por isso que aconteceu. Discuti com o Dynho, pedi perd\u00e3o, desculpa e errei, mas o Dynho veio pra cima de mim primeiro e os caras que seguraram ele. N\u00e3o fui pra cima dele, ele me xingou pra caramba e xinguei de volta. Foi uma discuss\u00e3o entre a gente ruim pra caramba. Isso me define?&#8221;<\/em>, continuou.<\/p>\n\n\n\n<p class=\"wp-block-paragraph\">Nego classificou a confus\u00e3o na baia como &#8220;nada absurdo&#8221; e lamentou n\u00e3o ter recebido aten\u00e7\u00e3o dos pe\u00f5es para poder dar a sua vers\u00e3o do ocorrido.<\/p>\n\n\n\n<p class=\"wp-block-paragraph\"><em>&#8220;Quer dizer que t\u00f4 l\u00e1 na casa brincando e rindo e dizem: &#8216;Nego, eu n\u00e3o te julgo por coisa l\u00e1 de fora e por ser um cara pol\u00eamico. \u00c9 por aquela atitude ali&#8217;. P\u00f4, mano, atitude ali? Fui l\u00e1, pedi desculpas do fundo do meu cora\u00e7\u00e3o, n\u00e3o joguei balde em ningu\u00e9m, n\u00e3o foi uma coisa absurda. N\u00e3o t\u00f4 falando que eu t\u00f4 errado ou certo, n\u00e3o, mas conversando voc\u00ea v\u00ea que o cara errou. A\u00ed, vem em mim e daqui a pouco vem pro Gui e pra voc\u00ea [Tiago]&#8221;<\/em>, finalizou.<\/p>\n","protected":false},"excerpt":{"rendered":"<p>Indicado para a ro\u00e7a pelo fazendeiro da semana, Gui Araujo, Nego do Borel desabafou com MC Gui e Tiago Piquilo, na madrugada de hoje (22), sobre estar sendo julgado dentro do reality sem poder apresentar a sua vers\u00e3o dos fatos. &#8220;Gosto de pessoas humildes, t\u00e1 ligado? O Ti, o Vit\u00e3o, o MC Gui que agora [&hellip;]<\/p>\n","protected":false},"author":2,"featured_media":92627,"comment_status":"closed","ping_status":"open","sticky":false,"template":"","format":"standard","meta":{"footnotes":""},"categories":[8605],"tags":[8906,742],"class_list":["post-92626","post","type-post","status-publish","format-standard","has-post-thumbnail","hentry","category-realities","tag-a-fazenda-13","tag-nego-do-borel"],"_links":{"self":[{"href":"https:\/\/portalpopmais.com.br\/en\/wp-json\/wp\/v2\/posts\/92626","targetHints":{"allow":["GET"]}}],"collection":[{"href":"https:\/\/portalpopmais.com.br\/en\/wp-json\/wp\/v2\/posts"}],"about":[{"href":"https:\/\/portalpopmais.com.br\/en\/wp-json\/wp\/v2\/types\/post"}],"author":[{"embeddable":true,"href":"https:\/\/portalpopmais.com.br\/en\/wp-json\/wp\/v2\/users\/2"}],"replies":[{"embeddable":true,"href":"https:\/\/portalpopmais.com.br\/en\/wp-json\/wp\/v2\/comments?post=92626"}],"version-history":[{"count":0,"href":"https:\/\/portalpopmais.com.br\/en\/wp-json\/wp\/v2\/posts\/92626\/revisions"}],"wp:featuredmedia":[{"embeddable":true,"href":"https:\/\/portalpopmais.com.br\/en\/wp-json\/wp\/v2\/media\/92627"}],"wp:attachment":[{"href":"https:\/\/portalpopmais.com.br\/en\/wp-json\/wp\/v2\/media?parent=92626"}],"wp:term":[{"taxonomy":"category","embeddable":true,"href":"https:\/\/portalpopmais.com.br\/en\/wp-json\/wp\/v2\/categories?post=92626"},{"taxonomy":"post_tag","embeddable":true,"href":"https:\/\/portalpopmais.com.br\/en\/wp-json\/wp\/v2\/tags?post=92626"}],"curies":[{"name":"wp","href":"https:\/\/api.w.org\/{rel}","templated":true}]}}