{"id":92795,"date":"2021-09-23T19:56:41","date_gmt":"2021-09-23T22:56:41","guid":{"rendered":"https:\/\/portalpopmais.com.br\/?p=92795"},"modified":"2021-09-23T23:14:08","modified_gmt":"2021-09-24T02:14:08","slug":"fernanda-medrado-desiste-a-fazenda-13","status":"publish","type":"post","link":"https:\/\/portalpopmais.com.br\/en\/fernanda-medrado-desiste-a-fazenda-13\/","title":{"rendered":"Fernanda Medrado est\u00e1 fora de &#8220;A Fazenda 13&#8221;!"},"content":{"rendered":"<p class=\"wp-block-paragraph\">A rapper <strong><a href=\"https:\/\/portalpopmais.com.br\/en\/a-fazenda-fernada-medrado-toca-o-sino\/\" target=\"_blank\" data-type=\"post\" data-id=\"92693\" rel=\"noreferrer noopener\">Fernanda Medrado<\/a><\/strong> n\u00e3o aguentou a press\u00e3o e desistiu de &#8220;A Fazenda 13&#8221;. Uma substituta j\u00e1 est\u00e1 sendo escalada pela dire\u00e7\u00e3o do reality da <a href=\"http:\/\/r7.com\" target=\"_blank\" rel=\"noreferrer noopener\">Record TV<\/a>. As informa\u00e7\u00f5es s\u00e3o da coluna de L\u00e9o Dias, do Metr\u00f3poles.<\/p>\n\n\n\n<p class=\"wp-block-paragraph\">Na \u00faltima quarta-feira (22\/9), a rapper j\u00e1 havia tocado o sino duas vezes mas foi acalmada pelos profissionais da Record. O jogo continuou e na tarde de hoje a ex-Power Couple n\u00e3o aguentou a press\u00e3o e rodou.<\/p>\n\n\n\n<p class=\"wp-block-paragraph\"><a href=\"https:\/\/portalpopmais.com.br\/en\/lary-bottino-entra-a-fazenda-13\/\" target=\"_blank\" rel=\"noreferrer noopener\"><strong>+ Lary Bottino entrar\u00e1 no lugar de Fernanda Medrado em &#8220;A Fazenda 13&#8221;<\/strong><\/a><\/p>\n\n\n\n<p class=\"wp-block-paragraph\">Nos bastidores correm rumores de que Lary Bottino e Faby Monarca s\u00e3o as cotadas para ocupar o lugar dela.<\/p>\n\n\n\n<p class=\"wp-block-paragraph\">A rapper havia sido alertada pela dire\u00e7\u00e3o do reality que teria que devolver o cach\u00ea que recebeu para entrar no programa, o carro 0 km que ganhou na primeira semana de confinamento, e tamb\u00e9m teria que pagar uma multa \u00e0 emissora. Por essas raz\u00f5es, ela optou por ficar no reality.<\/p>\n\n\n\n<p class=\"wp-block-paragraph\">Mas depois de algumas horas de reflex\u00e3o, ela voltou atr\u00e1s e desistiu da disputa pelo pr\u00eamio de R$ 1,5 milh\u00e3o.<\/p>\n\n\n\n<figure class=\"wp-block-embed is-type-rich is-provider-twitter wp-block-embed-twitter\"><div class=\"wp-block-embed__wrapper\">\n<blockquote class=\"twitter-tweet\" data-width=\"550\" data-dnt=\"true\"><p lang=\"pt\" dir=\"ltr\">\ud83d\udea8\ud83d\udea8 Confira o momento em que a Fernanda Medrado pede para sair de <a href=\"https:\/\/twitter.com\/hashtag\/AFazenda?src=hash&amp;ref_src=twsrc%5Etfw\" target=\"_blank\" rel=\"noopener\">#AFazenda<\/a>.<a href=\"https:\/\/t.co\/91G8hVfDek\">pic.twitter.com\/91G8hVfDek<\/a><\/p>&mdash; Realities Media (@PMRealities) <a href=\"https:\/\/twitter.com\/PMRealities\/status\/1441220335907393546?ref_src=twsrc%5Etfw\" target=\"_blank\" rel=\"noopener\">September 24, 2021<\/a><\/blockquote><script async src=\"https:\/\/platform.twitter.com\/widgets.js\" charset=\"utf-8\"><\/script>\n<\/div><\/figure>","protected":false},"excerpt":{"rendered":"<p>A rapper Fernanda Medrado n\u00e3o aguentou a press\u00e3o e desistiu de &#8220;A Fazenda 13&#8221;. Uma substituta j\u00e1 est\u00e1 sendo escalada pela dire\u00e7\u00e3o do reality da Record TV. As informa\u00e7\u00f5es s\u00e3o da coluna de L\u00e9o Dias, do Metr\u00f3poles. Na \u00faltima quarta-feira (22\/9), a rapper j\u00e1 havia tocado o sino duas vezes mas foi acalmada pelos profissionais [&hellip;]<\/p>\n","protected":false},"author":2,"featured_media":92796,"comment_status":"closed","ping_status":"open","sticky":false,"template":"","format":"standard","meta":{"footnotes":""},"categories":[8605],"tags":[8906,9257],"class_list":["post-92795","post","type-post","status-publish","format-standard","has-post-thumbnail","hentry","category-realities","tag-a-fazenda-13","tag-fernanda-medrado"],"_links":{"self":[{"href":"https:\/\/portalpopmais.com.br\/en\/wp-json\/wp\/v2\/posts\/92795","targetHints":{"allow":["GET"]}}],"collection":[{"href":"https:\/\/portalpopmais.com.br\/en\/wp-json\/wp\/v2\/posts"}],"about":[{"href":"https:\/\/portalpopmais.com.br\/en\/wp-json\/wp\/v2\/types\/post"}],"author":[{"embeddable":true,"href":"https:\/\/portalpopmais.com.br\/en\/wp-json\/wp\/v2\/users\/2"}],"replies":[{"embeddable":true,"href":"https:\/\/portalpopmais.com.br\/en\/wp-json\/wp\/v2\/comments?post=92795"}],"version-history":[{"count":0,"href":"https:\/\/portalpopmais.com.br\/en\/wp-json\/wp\/v2\/posts\/92795\/revisions"}],"wp:featuredmedia":[{"embeddable":true,"href":"https:\/\/portalpopmais.com.br\/en\/wp-json\/wp\/v2\/media\/92796"}],"wp:attachment":[{"href":"https:\/\/portalpopmais.com.br\/en\/wp-json\/wp\/v2\/media?parent=92795"}],"wp:term":[{"taxonomy":"category","embeddable":true,"href":"https:\/\/portalpopmais.com.br\/en\/wp-json\/wp\/v2\/categories?post=92795"},{"taxonomy":"post_tag","embeddable":true,"href":"https:\/\/portalpopmais.com.br\/en\/wp-json\/wp\/v2\/tags?post=92795"}],"curies":[{"name":"wp","href":"https:\/\/api.w.org\/{rel}","templated":true}]}}