{"id":92974,"date":"2021-09-24T19:36:18","date_gmt":"2021-09-24T22:36:18","guid":{"rendered":"https:\/\/portalpopmais.com.br\/?p=92974"},"modified":"2021-09-24T19:37:51","modified_gmt":"2021-09-24T22:37:51","slug":"tati-barraco-aline-a-fazenda-13","status":"publish","type":"post","link":"https:\/\/portalpopmais.com.br\/en\/tati-barraco-aline-a-fazenda-13\/","title":{"rendered":"BARRACO! Tati perde a paci\u00eancia com Aline em &#8220;A Fazenda 13&#8221; e detona: &#8220;fica na tua porr$&#8221;; assista"},"content":{"rendered":"\n<p class=\"wp-block-paragraph\">Na tarde desta sexta-feira (13), os pe\u00f5es de <a href=\"http:\/\/r7.com\" target=\"_blank\" rel=\"noopener\">&#8220;A Fazenda 13&#8221;<\/a> participaram de uma din\u00e2mica para o programa &#8220;Hora do Faro&#8221;. Os participantes da sede deviam tirar uma plaquinha de um ba\u00fa. Os objetos, que tinham carinhas de felicidade ou irrita\u00e7\u00e3o, demonstravam satisfa\u00e7\u00e3o ou insatisfa\u00e7\u00e3o. Ap\u00f3s pegarem a plaquinha, os pe\u00f5es precisavam escolher um participante para entreg\u00e1-la e explicar o motivo de sua felicidade ou desgosto com o colega.<\/p>\n\n\n\n<p class=\"wp-block-paragraph\">Aline tirou uma plaquinha de &#8220;insatisfa\u00e7\u00e3o&#8221; e a entregou para <a href=\"https:\/\/portalpopmais.com.br\/liziane-faz-pergunta-sobre-cigarro-e-tati-diz-que-fuma-outra-coisa\/\" target=\"_blank\" data-type=\"post\" data-id=\"92714\" rel=\"noreferrer noopener\">Tati<\/a>. O motivo seria um distanciamento da funkeira nos \u00faltimos dias. A funkeira n\u00e3o ficou nada feliz ap\u00f3s receber a plaquinha da ex-panicat. <\/p>\n\n\n\n<p class=\"wp-block-paragraph\"><em>&#8220;A minha plaquinha vai pra uma pessoa que eu admiro o trabalho dela, sempre escutei as m\u00fasicas, sempre acompanhei, eu gosto muito. Tento me aproximar, s\u00f3 que senti que a primeira semana foi mais pr\u00f3xima mas dessas semanas pra c\u00e1, a gente se afastou um pouco. N\u00e3o aconteceu nenhuma falta de educa\u00e7\u00e3o, mas \u00e9 quest\u00e3o de afastamento por cada um ter pego uma pessoa pra ficar do lado. [\u2026] Minha plaquinha vai pra Tati, mas por isso&#8221;, <\/em>justificou Aline.<\/p>\n\n\n\n<p class=\"wp-block-paragraph\"><em>&#8220;Por isso ou porque voc\u00ea escutou eu conversando com a Lizi ali, que a Lizi falou que ningu\u00e9m queria abra\u00e7ar ela e eu falei que voc\u00ea estava aqui sentada com a Marina, acolhendo a Marina?&#8221;, <\/em>questionou a cantora.<\/p>\n\n\n\n<p class=\"wp-block-paragraph\">Aline disse que n\u00e3o escutou a conversa entre Tati e Liziane, mas que se tivesse escutado, conversaria com a peoa para resolver o problema. Tati insistiu que foi esse o motivo de Aline t\u00ea-la entregado a plaquinha.<\/p>\n\n\n\n<p class=\"wp-block-paragraph\"><em>&#8220;N\u00e3o \u00e9 por causa disso&#8221;<\/em>, afirmou a peoa.<\/p>\n\n\n\n<p class=\"wp-block-paragraph\">&#8220;<em>N\u00e3o foi porque ela te chamou de falsa, que fica em cima do muro?&#8221;, <\/em>questionou Tati, citando uma fala de Lizi durante o programa de Rodrigo Faro.<\/p>\n\n\n\n<p class=\"wp-block-paragraph\">&#8220;<em>Se ela me chamou de falsa o motivo \u00e9 dela, \u00e9 problema dela. [\u2026] Mas se eu tivesse motivo com voc\u00ea agora, eu falaria na sua cara. [\u2026] Se distanciou, n\u00e3o sei por qu\u00ea&#8221;, <\/em>respondeu Aline.<\/p>\n\n\n\n<p class=\"wp-block-paragraph\">Tati questionou o distanciamento citado por Aline, que perguntou se n\u00e3o poderia ter a pr\u00f3pria opini\u00e3o. As peoas foram interrompidas por Rodrigo Faro, que queria dar prosseguimento ao quadro e disse que a dupla poderia conversar mais tarde. A funkeira, por\u00e9m, disse que n\u00e3o queria conversar com Aline.<\/p>\n\n\n\n<p class=\"wp-block-paragraph\">Pouco depois, ap\u00f3s Tati receber uma nova plaquinha e fazer um discurso sobre a falta de personalidade na casa, e Aline entender a fala como uma indireta, as duas voltaram a discutir.<\/p>\n\n\n\n<p class=\"wp-block-paragraph\"><em>&#8220;T\u00e1 faltando personalidade no povo aqui. Falta muita. As pessoas, \u00e9 complicado aqui, sabe. [\u2026] Eu n\u00e3o vim aqui pra fazer amigos, se eu levar \u00e9 consequ\u00eancia da vida. Eu vim aqui por causa de um milh\u00e3o e meio&#8221;,<\/em> disse Tati.<em> &#8220;Agora a chapa esquenta nesse caralh*. \u00c9 porque as pessoas n\u00e3o s\u00e3o verdadeiras, fod<\/em>&#8220;, continuou.<\/p>\n\n\n\n<p class=\"wp-block-paragraph\">&#8220;<em>Voc\u00ea t\u00e1 falando pra mim?&#8221;,<\/em> perguntou Aline.<\/p>\n\n\n\n<p class=\"wp-block-paragraph\"><em>&#8220;Algu\u00e9m t\u00e1 citando seu nome? \u00c9 melhor voc\u00ea ficar na sua, que ningu\u00e9m t\u00e1 citando seu nome. Aqui est\u00e3o me perguntando uma coisa, estou falando o que eu acho, o que eu penso. Voc\u00ea j\u00e1 n\u00e3o falou? Ent\u00e3o, acabou. Quando falar &#8216;Aline&#8217;, voc\u00ea se manifesta. Ningu\u00e9m t\u00e1 falando seu nome. Melhor voc\u00ea ficar na sua&#8221;<\/em>, exclamou Tati.<\/p>\n\n\n\n<p class=\"wp-block-paragraph\">Aline insistiu que estava somente dando sua opini\u00e3o, quando a funkeira se exaltou.<\/p>\n\n\n\n<p class=\"wp-block-paragraph\"><em>&#8220;Quando tocar seu nome. Algu\u00e9m tocou seu nome aqui? Ah, ent\u00e3o fica na tua, porr$. Ningu\u00e9m falou nada contigo. Porr<\/em>, caralh*<em>. Ningu\u00e9m t\u00e1 citando a porr<\/em>$ do nome dela aqui&#8221;, respondeu Tati, em voz alta.<\/p>\n\n\n\n<p class=\"wp-block-paragraph\">Em seguida, Victor pediu para continuar falando, visto que era a vez dele de falar na din\u00e2mica. As duas cessaram a discuss\u00e3o.<\/p>\n\n\n\n<p class=\"wp-block-paragraph\">Assista:<\/p>\n\n\n\n<figure class=\"wp-block-embed is-type-rich is-provider-twitter wp-block-embed-twitter\"><div class=\"wp-block-embed__wrapper\">\n<blockquote class=\"twitter-tweet\" data-width=\"550\" data-dnt=\"true\"><p lang=\"pt\" dir=\"ltr\">TRETA! Aline x Tati Quebra Barraco.<br>Aline deu a placa de insatisfa\u00e7\u00e3o pra Tati.<a href=\"https:\/\/twitter.com\/hashtag\/AFazenda13?src=hash&amp;ref_src=twsrc%5Etfw\" target=\"_blank\" rel=\"noopener\">#AFazenda13<\/a> <a href=\"https:\/\/twitter.com\/hashtag\/AFazenda?src=hash&amp;ref_src=twsrc%5Etfw\" target=\"_blank\" rel=\"noopener\">#AFazenda<\/a> , <a href=\"https:\/\/t.co\/3rSE92WTbV\">pic.twitter.com\/3rSE92WTbV<\/a><\/p>&mdash; Realities Media (@PMRealities) <a href=\"https:\/\/twitter.com\/PMRealities\/status\/1441509267341709313?ref_src=twsrc%5Etfw\" target=\"_blank\" rel=\"noopener\">September 24, 2021<\/a><\/blockquote><script async src=\"https:\/\/platform.twitter.com\/widgets.js\" charset=\"utf-8\"><\/script>\n<\/div><\/figure>\n\n\n\n<figure class=\"wp-block-embed is-type-rich is-provider-twitter wp-block-embed-twitter\"><div class=\"wp-block-embed__wrapper\">\n<blockquote class=\"twitter-tweet\" data-width=\"550\" data-dnt=\"true\"><p lang=\"pt\" dir=\"ltr\">Mais treta! Tati diz que falta muita personalidade nas pessoas, que n\u00e3o foi para o reality fazer amigos e surta com Aline. \ud83d\udd25<a href=\"https:\/\/twitter.com\/hashtag\/AFazenda?src=hash&amp;ref_src=twsrc%5Etfw\" target=\"_blank\" rel=\"noopener\">#AFazenda<\/a> <a href=\"https:\/\/twitter.com\/hashtag\/AFazenda13?src=hash&amp;ref_src=twsrc%5Etfw\" target=\"_blank\" rel=\"noopener\">#AFazenda13<\/a> <a href=\"https:\/\/t.co\/38ZYQo0i70\">pic.twitter.com\/38ZYQo0i70<\/a><\/p>&mdash; Realities Media (@PMRealities) <a href=\"https:\/\/twitter.com\/PMRealities\/status\/1441512429205213184?ref_src=twsrc%5Etfw\" target=\"_blank\" rel=\"noopener\">September 24, 2021<\/a><\/blockquote><script async src=\"https:\/\/platform.twitter.com\/widgets.js\" charset=\"utf-8\"><\/script>\n<\/div><\/figure>\n","protected":false},"excerpt":{"rendered":"<p>Na tarde desta sexta-feira (13), os pe\u00f5es de &#8220;A Fazenda 13&#8221; participaram de uma din\u00e2mica para o programa &#8220;Hora do Faro&#8221;. Os participantes da sede deviam tirar uma plaquinha de um ba\u00fa. Os objetos, que tinham carinhas de felicidade ou irrita\u00e7\u00e3o, demonstravam satisfa\u00e7\u00e3o ou insatisfa\u00e7\u00e3o. Ap\u00f3s pegarem a plaquinha, os pe\u00f5es precisavam escolher um participante [&hellip;]<\/p>\n","protected":false},"author":2,"featured_media":92975,"comment_status":"closed","ping_status":"open","sticky":false,"template":"","format":"standard","meta":{"footnotes":""},"categories":[8605],"tags":[8906,9261],"class_list":["post-92974","post","type-post","status-publish","format-standard","has-post-thumbnail","hentry","category-realities","tag-a-fazenda-13","tag-tati"],"_links":{"self":[{"href":"https:\/\/portalpopmais.com.br\/en\/wp-json\/wp\/v2\/posts\/92974","targetHints":{"allow":["GET"]}}],"collection":[{"href":"https:\/\/portalpopmais.com.br\/en\/wp-json\/wp\/v2\/posts"}],"about":[{"href":"https:\/\/portalpopmais.com.br\/en\/wp-json\/wp\/v2\/types\/post"}],"author":[{"embeddable":true,"href":"https:\/\/portalpopmais.com.br\/en\/wp-json\/wp\/v2\/users\/2"}],"replies":[{"embeddable":true,"href":"https:\/\/portalpopmais.com.br\/en\/wp-json\/wp\/v2\/comments?post=92974"}],"version-history":[{"count":0,"href":"https:\/\/portalpopmais.com.br\/en\/wp-json\/wp\/v2\/posts\/92974\/revisions"}],"wp:featuredmedia":[{"embeddable":true,"href":"https:\/\/portalpopmais.com.br\/en\/wp-json\/wp\/v2\/media\/92975"}],"wp:attachment":[{"href":"https:\/\/portalpopmais.com.br\/en\/wp-json\/wp\/v2\/media?parent=92974"}],"wp:term":[{"taxonomy":"category","embeddable":true,"href":"https:\/\/portalpopmais.com.br\/en\/wp-json\/wp\/v2\/categories?post=92974"},{"taxonomy":"post_tag","embeddable":true,"href":"https:\/\/portalpopmais.com.br\/en\/wp-json\/wp\/v2\/tags?post=92974"}],"curies":[{"name":"wp","href":"https:\/\/api.w.org\/{rel}","templated":true}]}}