{"id":93019,"date":"2021-09-25T15:44:50","date_gmt":"2021-09-25T18:44:50","guid":{"rendered":"https:\/\/portalpopmais.com.br\/?p=93019"},"modified":"2021-09-25T15:44:53","modified_gmt":"2021-09-25T18:44:53","slug":"policia-investiga-nego-do-borel-por-estupro-de-vulneravel-em-a-fazenda-13","status":"publish","type":"post","link":"https:\/\/portalpopmais.com.br\/en\/policia-investiga-nego-do-borel-por-estupro-de-vulneravel-em-a-fazenda-13\/","title":{"rendered":"Pol\u00edcia investiga Nego do Borel por estupro de vulner\u00e1vel em &#8216;A Fazenda 13&#8217;"},"content":{"rendered":"<p class=\"wp-block-paragraph\">O funkeiro <strong><a href=\"http:\/\/instagram.com\/negodoborel\" target=\"_blank\" rel=\"noopener\">Nego do Borel<\/a><\/strong> est\u00e1 sendo investigado pela Pol\u00edcia Civil de S\u00e3o Paulo por suspeita de estupro de vulner\u00e1vel contra Dayane Mello. O ato teria acontecido na madrugada deste s\u00e1bado (25), em &#8220;A Fazenda 13&#8221;.<\/p>\n\n\n\n<p class=\"wp-block-paragraph\">Segundo informa\u00e7\u00f5es do UOL, o advogado de Dayane registrou a ocorr\u00eancia na Delegacia de Itapecerica da Serra, local onde acontece o reality. De acordo com a SSP (Secretaria de Seguran\u00e7a P\u00fablica), o advogado apresentou imagens para justificar a ocorr\u00eancia, al\u00e9m de relatar os fatos.<\/p>\n\n\n\n<h2 class=\"wp-block-heading\">Entenda<\/h2>\n\n\n\n<p class=\"wp-block-paragraph\">Na madrugada de hoje (25), ela e Nego do Borel trocaram car\u00edcias embaixo do edredom, mas a mo\u00e7a estava embriagada e nas redes sociais os internautas apontaram que ela havia feito sexo de forma for\u00e7ada. Veja todos os detalhes&nbsp;<a href=\"https:\/\/portalpopmais.com.br\/en\/nego-do-borel-estupro-dayane-mello-a-fazenda-13\/\" target=\"_blank\" rel=\"noreferrer noopener\">aqui<\/a>.<\/p>","protected":false},"excerpt":{"rendered":"<p>O funkeiro Nego do Borel est\u00e1 sendo investigado pela Pol\u00edcia Civil de S\u00e3o Paulo por suspeita de estupro de vulner\u00e1vel contra Dayane Mello. O ato teria acontecido na madrugada deste s\u00e1bado (25), em &#8220;A Fazenda 13&#8221;. Segundo informa\u00e7\u00f5es do UOL, o advogado de Dayane registrou a ocorr\u00eancia na Delegacia de Itapecerica da Serra, local onde [&hellip;]<\/p>\n","protected":false},"author":1,"featured_media":93020,"comment_status":"closed","ping_status":"open","sticky":false,"template":"","format":"standard","meta":{"footnotes":""},"categories":[8605],"tags":[8906,742],"class_list":["post-93019","post","type-post","status-publish","format-standard","has-post-thumbnail","hentry","category-realities","tag-a-fazenda-13","tag-nego-do-borel"],"_links":{"self":[{"href":"https:\/\/portalpopmais.com.br\/en\/wp-json\/wp\/v2\/posts\/93019","targetHints":{"allow":["GET"]}}],"collection":[{"href":"https:\/\/portalpopmais.com.br\/en\/wp-json\/wp\/v2\/posts"}],"about":[{"href":"https:\/\/portalpopmais.com.br\/en\/wp-json\/wp\/v2\/types\/post"}],"author":[{"embeddable":true,"href":"https:\/\/portalpopmais.com.br\/en\/wp-json\/wp\/v2\/users\/1"}],"replies":[{"embeddable":true,"href":"https:\/\/portalpopmais.com.br\/en\/wp-json\/wp\/v2\/comments?post=93019"}],"version-history":[{"count":0,"href":"https:\/\/portalpopmais.com.br\/en\/wp-json\/wp\/v2\/posts\/93019\/revisions"}],"wp:featuredmedia":[{"embeddable":true,"href":"https:\/\/portalpopmais.com.br\/en\/wp-json\/wp\/v2\/media\/93020"}],"wp:attachment":[{"href":"https:\/\/portalpopmais.com.br\/en\/wp-json\/wp\/v2\/media?parent=93019"}],"wp:term":[{"taxonomy":"category","embeddable":true,"href":"https:\/\/portalpopmais.com.br\/en\/wp-json\/wp\/v2\/categories?post=93019"},{"taxonomy":"post_tag","embeddable":true,"href":"https:\/\/portalpopmais.com.br\/en\/wp-json\/wp\/v2\/tags?post=93019"}],"curies":[{"name":"wp","href":"https:\/\/api.w.org\/{rel}","templated":true}]}}