{"id":93048,"date":"2021-09-25T18:41:20","date_gmt":"2021-09-25T21:41:20","guid":{"rendered":"https:\/\/portalpopmais.com.br\/?p=93048"},"modified":"2021-09-25T18:41:28","modified_gmt":"2021-09-25T21:41:28","slug":"assessoria-de-nego-do-borel-confirma-que-funkeiro-esta-fora-de-a-fazenda","status":"publish","type":"post","link":"https:\/\/portalpopmais.com.br\/en\/assessoria-de-nego-do-borel-confirma-que-funkeiro-esta-fora-de-a-fazenda\/","title":{"rendered":"Assessoria de Nego do Borel confirma que funkeiro est\u00e1 fora de &#8220;A Fazenda&#8221;"},"content":{"rendered":"<p class=\"wp-block-paragraph\">Ap\u00f3s protagonizar um suposto estupro contra <strong><a href=\"https:\/\/portalpopmais.com.br\/en\/dayane-mello-chamada-producao-sai-porta-sede-a-fazenda\/\" target=\"_blank\" data-type=\"post\" data-id=\"93008\" rel=\"noreferrer noopener\">Dayane Mello<\/a><\/strong>, durante a madrugada deste s\u00e1bado (25), <strong><a href=\"http:\/\/instagram.com\/negodoborel\" target=\"_blank\" rel=\"noopener\">Nego do Borel<\/a><\/strong> foi oficialmente expulso de &#8220;A Fazenda 13&#8221;. A informa\u00e7\u00e3o foi confirmada pela assessoria de imprensa do funkeiro.<\/p>\n\n\n\n<p class=\"wp-block-paragraph\">Veja a nota na \u00edntegra:<\/p>\n\n\n\n<p class=\"wp-block-paragraph\"><em>A assessoria imprensa de cantor Nego do Borel informa oficialmente a sa\u00edda do cantor do Reality \u201cA Fazenda\u201d. A equipe jur\u00eddica do artista se encontra neste momento em contato com a equipe jur\u00eddica da emissora para apurar todas as informa\u00e7\u00f5es e se pronunciar\u00e1 hoje ainda, quando tiver maiores detalhes.<\/em><\/p>\n\n\n\n<p class=\"wp-block-paragraph\"><em>Deixamos claro que somos a favor de que a justi\u00e7a seja feita e por pedimos para que evitem julgamentos sem provas ou baseados em pequenos recortes da internet.<\/em><\/p>\n\n\n\n<p class=\"wp-block-paragraph\"><em>Assessoria Nego do Borel&#8221;<\/em><\/p>","protected":false},"excerpt":{"rendered":"<p>Ap\u00f3s protagonizar um suposto estupro contra Dayane Mello, durante a madrugada deste s\u00e1bado (25), Nego do Borel foi oficialmente expulso de &#8220;A Fazenda 13&#8221;. A informa\u00e7\u00e3o foi confirmada pela assessoria de imprensa do funkeiro. Veja a nota na \u00edntegra: A assessoria imprensa de cantor Nego do Borel informa oficialmente a sa\u00edda do cantor do Reality [&hellip;]<\/p>\n","protected":false},"author":1,"featured_media":92869,"comment_status":"closed","ping_status":"open","sticky":false,"template":"","format":"standard","meta":{"footnotes":""},"categories":[8605],"tags":[8906,742],"class_list":["post-93048","post","type-post","status-publish","format-standard","has-post-thumbnail","hentry","category-realities","tag-a-fazenda-13","tag-nego-do-borel"],"_links":{"self":[{"href":"https:\/\/portalpopmais.com.br\/en\/wp-json\/wp\/v2\/posts\/93048","targetHints":{"allow":["GET"]}}],"collection":[{"href":"https:\/\/portalpopmais.com.br\/en\/wp-json\/wp\/v2\/posts"}],"about":[{"href":"https:\/\/portalpopmais.com.br\/en\/wp-json\/wp\/v2\/types\/post"}],"author":[{"embeddable":true,"href":"https:\/\/portalpopmais.com.br\/en\/wp-json\/wp\/v2\/users\/1"}],"replies":[{"embeddable":true,"href":"https:\/\/portalpopmais.com.br\/en\/wp-json\/wp\/v2\/comments?post=93048"}],"version-history":[{"count":0,"href":"https:\/\/portalpopmais.com.br\/en\/wp-json\/wp\/v2\/posts\/93048\/revisions"}],"wp:featuredmedia":[{"embeddable":true,"href":"https:\/\/portalpopmais.com.br\/en\/wp-json\/wp\/v2\/media\/92869"}],"wp:attachment":[{"href":"https:\/\/portalpopmais.com.br\/en\/wp-json\/wp\/v2\/media?parent=93048"}],"wp:term":[{"taxonomy":"category","embeddable":true,"href":"https:\/\/portalpopmais.com.br\/en\/wp-json\/wp\/v2\/categories?post=93048"},{"taxonomy":"post_tag","embeddable":true,"href":"https:\/\/portalpopmais.com.br\/en\/wp-json\/wp\/v2\/tags?post=93048"}],"curies":[{"name":"wp","href":"https:\/\/api.w.org\/{rel}","templated":true}]}}