{"id":93214,"date":"2021-09-28T17:21:59","date_gmt":"2021-09-28T20:21:59","guid":{"rendered":"https:\/\/portalpopmais.com.br\/?p=93214"},"modified":"2021-09-28T17:22:09","modified_gmt":"2021-09-28T20:22:09","slug":"karin-hils-revela-capa-de-seu-quarto-single-sente-a-pressao","status":"publish","type":"post","link":"https:\/\/portalpopmais.com.br\/en\/karin-hils-revela-capa-de-seu-quarto-single-sente-a-pressao\/","title":{"rendered":"Karin Hils revela capa de seu quarto single, &#8220;Sente A Press\u00e3o&#8221;"},"content":{"rendered":"<p><a href=\"http:\/\/instagram.com\/karinhils\" target=\"_blank\" rel=\"noreferrer noopener\">Karin Hils<\/a> acaba de revelar a capa de seu quarto single, &#8220;Sente A Press\u00e3o&#8221;, mas n\u00e3o revelou assim abertamente, todo no conceito e mist\u00e9rio (\u00e9 um easter egg). Ela revelou em um perfil paralelo de acesso restrito e s\u00f3 deve ir para os perfis abertos mais tarde.<\/p>\n\n\n\n<div class=\"wp-block-image\"><figure class=\"aligncenter size-full\"><img loading=\"lazy\" decoding=\"async\" width=\"1600\" height=\"1600\" src=\"https:\/\/portalpopmais.com.br\/wp-content\/uploads\/2021\/09\/WhatsApp-Image-2021-09-28-at-16.42.48.jpeg\" alt=\"\" class=\"wp-image-93215\" title=\"\" srcset=\"https:\/\/portalpopmais.com.br\/wp-content\/uploads\/2021\/09\/WhatsApp-Image-2021-09-28-at-16.42.48.jpeg 1600w, https:\/\/portalpopmais.com.br\/wp-content\/uploads\/2021\/09\/WhatsApp-Image-2021-09-28-at-16.42.48-150x150.jpeg 150w, https:\/\/portalpopmais.com.br\/wp-content\/uploads\/2021\/09\/WhatsApp-Image-2021-09-28-at-16.42.48-500x500.jpeg 500w\" sizes=\"auto, (max-width: 1600px) 100vw, 1600px\" \/><figcaption>Karin Hils &#8211; Imagem: Divulga\u00e7\u00e3o<\/figcaption><\/figure><\/div>\n\n\n\n<p><strong>Leia tamb\u00e9m:<\/strong> <a href=\"https:\/\/portalpopmais.com.br\/en\/karin-hils-bissexual\/\" target=\"_blank\" data-type=\"post\" data-id=\"75018\" rel=\"noreferrer noopener\">Ex-Rouge, Karin Hils assume bissexualidade: \u2018N\u00e3o tem que ser tabu\u2019<\/a><\/p>\n\n\n\n<p>A cantora ainda escreveu uma legenda revelando que h\u00e1 um easter egg de seu pr\u00f3ximo single na capa do trabalho. Confira na integra:<\/p>\n\n\n\n<blockquote class=\"wp-block-quote has-text-align-center is-layout-flow wp-block-quote-is-layout-flow\"><p>&#8220;Do nada! \u00c9 isso mesmo! \u00c9 bem a minha cara ser desse jeito. Lan\u00e7o o meu quarto single, &#8220;Sente a Press\u00e3o&#8221;, nesta semana, na virada de quinta para sexta-feira, dia 01\/10, em todas as plataformas. E o pre-save j\u00e1 est\u00e1 rolando (link na bio). Essa \u00e9 uma m\u00fasica muito especial para mim. &#8220;Sente a Press\u00e3o&#8221; \u00e9 uma faixa escrita h\u00e1 um tempo, mas que ganhou novos contornos com tudo que vivenciei no \u00faltimo ano. Fala muito sobre a minha trajet\u00f3ria na m\u00fasica e da minha personalidade. N\u00e3o vejo a hora de poder compartilhar esse som e todas as refer\u00eancias com voc\u00eas. Enquanto isso, apresento a capa desse projeto. Ela, na minha opini\u00e3o, \u00e9 a mais cheia de afeto e lembran\u00e7as de algumas coisas que me fizeram chegar at\u00e9 aqui. Com refer\u00eancia a capas de LP, um registro meu aos 18 anos e todo meu universo ao redor, que desafio voc\u00eas a decifrarem eles. Adianto uma coisa: H\u00e1 ali um easter egg do meu pr\u00f3ximo single (qual ser\u00e1, hein? rs).&#8221;<\/p><cite>Karen Hils em legenda<\/cite><\/blockquote>\n\n\n\n<p>O single estar\u00e1 dispon\u00edvel nas plataformas digitais nos primeiros minutos do dia primeiro de outubro.<\/p>","protected":false},"excerpt":{"rendered":"<p>Karin Hils acaba de revelar a capa de seu quarto single, &#8220;Sente A Press\u00e3o&#8221;, mas n\u00e3o revelou assim abertamente, todo no conceito e mist\u00e9rio (\u00e9 um easter egg). Ela revelou em um perfil paralelo de acesso restrito e s\u00f3 deve ir para os perfis abertos mais tarde. Leia tamb\u00e9m: Ex-Rouge, Karin Hils assume bissexualidade: \u2018N\u00e3o [&hellip;]<\/p>\n","protected":false},"author":2,"featured_media":93216,"comment_status":"closed","ping_status":"open","sticky":false,"template":"","format":"standard","meta":{"footnotes":""},"categories":[154],"tags":[3751],"class_list":["post-93214","post","type-post","status-publish","format-standard","has-post-thumbnail","hentry","category-musica","tag-karin-hils"],"_links":{"self":[{"href":"https:\/\/portalpopmais.com.br\/en\/wp-json\/wp\/v2\/posts\/93214","targetHints":{"allow":["GET"]}}],"collection":[{"href":"https:\/\/portalpopmais.com.br\/en\/wp-json\/wp\/v2\/posts"}],"about":[{"href":"https:\/\/portalpopmais.com.br\/en\/wp-json\/wp\/v2\/types\/post"}],"author":[{"embeddable":true,"href":"https:\/\/portalpopmais.com.br\/en\/wp-json\/wp\/v2\/users\/2"}],"replies":[{"embeddable":true,"href":"https:\/\/portalpopmais.com.br\/en\/wp-json\/wp\/v2\/comments?post=93214"}],"version-history":[{"count":0,"href":"https:\/\/portalpopmais.com.br\/en\/wp-json\/wp\/v2\/posts\/93214\/revisions"}],"wp:featuredmedia":[{"embeddable":true,"href":"https:\/\/portalpopmais.com.br\/en\/wp-json\/wp\/v2\/media\/93216"}],"wp:attachment":[{"href":"https:\/\/portalpopmais.com.br\/en\/wp-json\/wp\/v2\/media?parent=93214"}],"wp:term":[{"taxonomy":"category","embeddable":true,"href":"https:\/\/portalpopmais.com.br\/en\/wp-json\/wp\/v2\/categories?post=93214"},{"taxonomy":"post_tag","embeddable":true,"href":"https:\/\/portalpopmais.com.br\/en\/wp-json\/wp\/v2\/tags?post=93214"}],"curies":[{"name":"wp","href":"https:\/\/api.w.org\/{rel}","templated":true}]}}