{"id":94077,"date":"2021-10-06T12:08:27","date_gmt":"2021-10-06T15:08:27","guid":{"rendered":"https:\/\/portalpopmais.com.br\/?p=94077"},"modified":"2022-07-18T22:31:38","modified_gmt":"2022-07-19T01:31:38","slug":"victor-pecoraro-abaixa-cueca-a-fazenda-13","status":"publish","type":"post","link":"https:\/\/portalpopmais.com.br\/en\/victor-pecoraro-abaixa-cueca-a-fazenda-13\/","title":{"rendered":"Ops! Victor Pecoraro abaixa a cueca e quase mostra demais em &#8220;A Fazenda&#8221;"},"content":{"rendered":"<p class=\"wp-block-paragraph\">Os participantes de <a href=\"http:\/\/r7.com\" target=\"_blank\" rel=\"noreferrer noopener\">&#8220;A Fazenda&#8221;<\/a> n\u00e3o est\u00e3o deixando a desejar no quesito &#8220;flagras&#8221;. Depois de <a href=\"https:\/\/portalpopmais.com.br\/en\/erasmo-viana-flagra-troca-cueca-a-fazenda\/\" data-type=\"post\" data-id=\"93898\" target=\"_blank\" rel=\"noreferrer noopener\">Erasmo Viana tirar a cueca e mostrar demais<\/a> e <a href=\"https:\/\/portalpopmais.com.br\/en\/mc-gui-excitado-a-fazenda-13\/\" data-type=\"post\" data-id=\"93923\" target=\"_blank\" rel=\"noreferrer noopener\">MC Gui aparecer &#8220;animadinho&#8221;<\/a>, agora foi a vez de Victor Pecoraro exibir suas partes.<\/p>\n\n\n\n<p class=\"wp-block-paragraph\">Na madrugada de hoje (6), enquanto trocava de roupa, o pe\u00e3o se descuidou e quase mostrou tudo diante das c\u00e2meras. Victor j\u00e1 havia vestido a cueca, quando decidiu &#8220;dar uma ajeitadinha&#8221;, e foi a\u00ed que o flagra aconteceu. Ali\u00e1s, s\u00f3 n\u00e3o rolou de fato por conta de uma roupa que estava bloqueando a vis\u00e3o da c\u00e2mera.<\/p>\n\n\n\n<p class=\"wp-block-paragraph\"><strong>Veja tamb\u00e9m<\/strong><\/p>\n\n\n<ul class=\"wp-block-latest-posts__list is-grid wp-block-latest-posts is-layout-flow wp-block-latest-posts-is-layout-flow\"><li><div class=\"wp-block-latest-posts__featured-image aligncenter\"><a href=\"https:\/\/portalpopmais.com.br\/en\/brasileira-expulsa-de-reality-argentina\/\" aria-label=\"Quem \u00e9 a brasileira expulsa de reality na Argentina ap\u00f3s confus\u00e3o\"><img loading=\"lazy\" decoding=\"async\" width=\"768\" height=\"456\" src=\"https:\/\/portalpopmais.com.br\/wp-content\/uploads\/2026\/08\/brasileira-expulsa-reality-argentina-portalpopmais-768x456.png\" class=\"attachment-medium size-medium wp-post-image\" alt=\"brasileira expulsa reality argentina portalpopmais\" style=\"\" srcset=\"https:\/\/portalpopmais.com.br\/wp-content\/uploads\/2026\/08\/brasileira-expulsa-reality-argentina-portalpopmais-768x456.png 768w, https:\/\/portalpopmais.com.br\/wp-content\/uploads\/2026\/08\/brasileira-expulsa-reality-argentina-portalpopmais-1170x694.png 1170w, https:\/\/portalpopmais.com.br\/wp-content\/uploads\/2026\/08\/brasileira-expulsa-reality-argentina-portalpopmais-18x10.png 18w\" sizes=\"auto, (max-width: 768px) 100vw, 768px\" title=\"\"><\/a><\/div><a class=\"wp-block-latest-posts__post-title\" href=\"https:\/\/portalpopmais.com.br\/en\/brasileira-expulsa-de-reality-argentina\/\">Quem \u00e9 a brasileira expulsa de reality na Argentina ap\u00f3s confus\u00e3o<\/a><\/li>\n<li><div class=\"wp-block-latest-posts__featured-image aligncenter\"><a href=\"https:\/\/portalpopmais.com.br\/en\/quem-e-lucas-cardoso-participante-do-rancho-maia-que-viralizou\/\" aria-label=\"Quem \u00e9 Lucas Cardoso, participante do Rancho Maia que viralizou\"><img loading=\"lazy\" decoding=\"async\" width=\"768\" height=\"456\" src=\"https:\/\/portalpopmais.com.br\/wp-content\/uploads\/2026\/08\/lucas-cardoso-768x456.png\" class=\"attachment-medium size-medium wp-post-image\" alt=\"lucas cardoso\" style=\"\" title=\"\"><\/a><\/div><a class=\"wp-block-latest-posts__post-title\" href=\"https:\/\/portalpopmais.com.br\/en\/quem-e-lucas-cardoso-participante-do-rancho-maia-que-viralizou\/\">Quem \u00e9 Lucas Cardoso, participante do Rancho Maia que viralizou<\/a><\/li>\n<li><div class=\"wp-block-latest-posts__featured-image aligncenter\"><a href=\"https:\/\/portalpopmais.com.br\/en\/davi-brito-desiste-luta-rico-melquiades\/\" aria-label=\"Davi Brito vira &#8220;piada&#8221; na web ap\u00f3s desistir de luta contra Rico Melquiades\"><img loading=\"lazy\" decoding=\"async\" width=\"768\" height=\"456\" src=\"https:\/\/portalpopmais.com.br\/wp-content\/uploads\/2026\/08\/Davi-Brito-vira-piada-na-web-apos-desistir-de-luta-contra-Rico-Melquiades-768x456.png\" class=\"attachment-medium size-medium wp-post-image\" alt=\"Davi Brito vira piada na web ap\u00f3s desistir de luta contra Rico Melquiades\" style=\"\" srcset=\"https:\/\/portalpopmais.com.br\/wp-content\/uploads\/2026\/08\/Davi-Brito-vira-piada-na-web-apos-desistir-de-luta-contra-Rico-Melquiades-768x456.png 768w, https:\/\/portalpopmais.com.br\/wp-content\/uploads\/2026\/08\/Davi-Brito-vira-piada-na-web-apos-desistir-de-luta-contra-Rico-Melquiades-1170x694.png 1170w, https:\/\/portalpopmais.com.br\/wp-content\/uploads\/2026\/08\/Davi-Brito-vira-piada-na-web-apos-desistir-de-luta-contra-Rico-Melquiades-18x10.png 18w\" sizes=\"auto, (max-width: 768px) 100vw, 768px\" title=\"\"><\/a><\/div><a class=\"wp-block-latest-posts__post-title\" href=\"https:\/\/portalpopmais.com.br\/en\/davi-brito-desiste-luta-rico-melquiades\/\">Davi Brito vira &#8220;piada&#8221; na web ap\u00f3s desistir de luta contra Rico Melquiades<\/a><\/li>\n<\/ul>\n\n\n<p class=\"wp-block-paragraph\">Um perfil no Twitter compartilhou o momento, gerando v\u00e1rios coment\u00e1rios salientes. <em>&#8220;Ele queria muito mostrar\u2026.esse adora se exibir. Mas eu sentava&#8221;<\/em>, disse um perfil. <em>&#8220;Que \u00f3dio dessa roupa azul&#8221;<\/em>, disparou um segundo. <em>&#8220;Fez de prop\u00f3sito&#8221;,<\/em> alertou um terceiro usu\u00e1rio.<\/p>","protected":false},"excerpt":{"rendered":"<p>Victor Pecoraro foi &#8220;dar uma ajeitadinha&#8221; e quase mostra demais. <\/p>","protected":false},"author":1,"featured_media":94078,"comment_status":"closed","ping_status":"open","sticky":false,"template":"","format":"standard","meta":{"footnotes":""},"categories":[8605],"tags":[8906,9253],"class_list":["post-94077","post","type-post","status-publish","format-standard","has-post-thumbnail","hentry","category-realities","tag-a-fazenda-13","tag-victor-pecoraro"],"_links":{"self":[{"href":"https:\/\/portalpopmais.com.br\/en\/wp-json\/wp\/v2\/posts\/94077","targetHints":{"allow":["GET"]}}],"collection":[{"href":"https:\/\/portalpopmais.com.br\/en\/wp-json\/wp\/v2\/posts"}],"about":[{"href":"https:\/\/portalpopmais.com.br\/en\/wp-json\/wp\/v2\/types\/post"}],"author":[{"embeddable":true,"href":"https:\/\/portalpopmais.com.br\/en\/wp-json\/wp\/v2\/users\/1"}],"replies":[{"embeddable":true,"href":"https:\/\/portalpopmais.com.br\/en\/wp-json\/wp\/v2\/comments?post=94077"}],"version-history":[{"count":0,"href":"https:\/\/portalpopmais.com.br\/en\/wp-json\/wp\/v2\/posts\/94077\/revisions"}],"wp:featuredmedia":[{"embeddable":true,"href":"https:\/\/portalpopmais.com.br\/en\/wp-json\/wp\/v2\/media\/94078"}],"wp:attachment":[{"href":"https:\/\/portalpopmais.com.br\/en\/wp-json\/wp\/v2\/media?parent=94077"}],"wp:term":[{"taxonomy":"category","embeddable":true,"href":"https:\/\/portalpopmais.com.br\/en\/wp-json\/wp\/v2\/categories?post=94077"},{"taxonomy":"post_tag","embeddable":true,"href":"https:\/\/portalpopmais.com.br\/en\/wp-json\/wp\/v2\/tags?post=94077"}],"curies":[{"name":"wp","href":"https:\/\/api.w.org\/{rel}","templated":true}]}}