{"id":94120,"date":"2021-10-06T14:56:22","date_gmt":"2021-10-06T17:56:22","guid":{"rendered":"https:\/\/portalpopmais.com.br\/?p=94120"},"modified":"2021-10-06T14:56:32","modified_gmt":"2021-10-06T17:56:32","slug":"bil-sumico-cuecas-balanca-glock","status":"publish","type":"post","link":"https:\/\/portalpopmais.com.br\/en\/bil-sumico-cuecas-balanca-glock\/","title":{"rendered":"&#8220;A Fazenda 13&#8221;: Bil reclama de sumi\u00e7o de cuecas e Lary dispara: &#8220;balan\u00e7a a glock&#8221;"},"content":{"rendered":"<p class=\"wp-block-paragraph\">Na tarde desta quarta-feira (6), <strong><a href=\"https:\/\/portalpopmais.com.br\/en\/mussunzinho-detona-bil-araujo\/\" target=\"_blank\" data-type=\"post\" data-id=\"93859\" rel=\"noreferrer noopener\">Bil Ara\u00fajo<\/a><\/strong> reclamou que suas cuecas haviam sumido dentro da sede de <a href=\"http:\/\/r7.com\" target=\"_blank\" data-type=\"URL\" data-id=\"http:\/\/r7.com\" rel=\"noreferrer noopener\">&#8220;A Fazenda 13&#8221;<\/a>. Perto da piscina, o pe\u00e3o desabafava com<strong> MC Gui<\/strong>, quando <strong>Lary Bottino<\/strong> se uniu \u00e0 conversa.<\/p>\n\n\n\n<p class=\"wp-block-paragraph\"><em>&#8220;Sumiu tudo, fi&#8221;<\/em>, come\u00e7a Bil. Lary ent\u00e3o questiona: <em>&#8220;o que?&#8221;.<\/em><\/p>\n\n\n\n<p class=\"wp-block-paragraph\"><strong>Veja tamb\u00e9m<\/strong><\/p>\n\n\n<ul class=\"wp-block-latest-posts__list is-grid wp-block-latest-posts is-layout-flow wp-block-latest-posts-is-layout-flow\"><li><div class=\"wp-block-latest-posts__featured-image aligncenter\"><a href=\"https:\/\/portalpopmais.com.br\/en\/homem-condenado-morte-tupac\/\" aria-label=\"Quase 30 anos ap\u00f3s o crime, homem \u00e9 condenado pelo assassinato de Tupac Shakur\"><img loading=\"lazy\" decoding=\"async\" width=\"768\" height=\"456\" src=\"https:\/\/portalpopmais.com.br\/wp-content\/uploads\/2026\/09\/homem-condenado-morte-tuac-768x456.png\" class=\"attachment-medium size-medium wp-post-image\" alt=\"homem condenado morte tuac\" style=\"\" srcset=\"https:\/\/portalpopmais.com.br\/wp-content\/uploads\/2026\/09\/homem-condenado-morte-tuac-768x456.png 768w, https:\/\/portalpopmais.com.br\/wp-content\/uploads\/2026\/09\/homem-condenado-morte-tuac-1170x694.png 1170w, https:\/\/portalpopmais.com.br\/wp-content\/uploads\/2026\/09\/homem-condenado-morte-tuac-18x10.png 18w\" sizes=\"auto, (max-width: 768px) 100vw, 768px\" title=\"\"><\/a><\/div><a class=\"wp-block-latest-posts__post-title\" href=\"https:\/\/portalpopmais.com.br\/en\/homem-condenado-morte-tupac\/\">Quase 30 anos ap\u00f3s o crime, homem \u00e9 condenado pelo assassinato de Tupac Shakur<\/a><\/li>\n<li><div class=\"wp-block-latest-posts__featured-image aligncenter\"><a href=\"https:\/\/portalpopmais.com.br\/en\/pedro-scooby-confirma-o-fim-do-casamento-com-cintia-dicker\/\" aria-label=\"Pedro Scooby confirma o fim do casamento com Cintia Dicker\"><img loading=\"lazy\" decoding=\"async\" width=\"768\" height=\"456\" src=\"https:\/\/portalpopmais.com.br\/wp-content\/uploads\/2026\/08\/design-sem-nome-11-1-768x456.jpg\" class=\"attachment-medium size-medium wp-post-image\" alt=\"design sem nome 11 (1)\" style=\"\" srcset=\"https:\/\/portalpopmais.com.br\/wp-content\/uploads\/2026\/08\/design-sem-nome-11-1-768x456.jpg 768w, https:\/\/portalpopmais.com.br\/wp-content\/uploads\/2026\/08\/design-sem-nome-11-1-18x12.jpg 18w\" sizes=\"auto, (max-width: 768px) 100vw, 768px\" title=\"\"><\/a><\/div><a class=\"wp-block-latest-posts__post-title\" href=\"https:\/\/portalpopmais.com.br\/en\/pedro-scooby-confirma-o-fim-do-casamento-com-cintia-dicker\/\">Pedro Scooby confirma o fim do casamento com Cintia Dicker<\/a><\/li>\n<li><div class=\"wp-block-latest-posts__featured-image aligncenter\"><a href=\"https:\/\/portalpopmais.com.br\/en\/lionel-richie-e-internado-na-uti-apos-show-nos-estados-unidos-diz-site\/\" aria-label=\"Lionel Richie \u00e9 internado na UTI ap\u00f3s show nos Estados Unidos, diz site\"><img loading=\"lazy\" decoding=\"async\" width=\"768\" height=\"456\" src=\"https:\/\/portalpopmais.com.br\/wp-content\/uploads\/2025\/09\/lionel-richie-live-2023-getty-768x456.jpg\" class=\"attachment-medium size-medium wp-post-image\" alt=\"\" style=\"\" srcset=\"https:\/\/portalpopmais.com.br\/wp-content\/uploads\/2025\/09\/lionel-richie-live-2023-getty-768x456.jpg 768w, https:\/\/portalpopmais.com.br\/wp-content\/uploads\/2025\/09\/lionel-richie-live-2023-getty-1170x694.jpg 1170w, https:\/\/portalpopmais.com.br\/wp-content\/uploads\/2025\/09\/lionel-richie-live-2023-getty-18x12.jpg 18w\" sizes=\"auto, (max-width: 768px) 100vw, 768px\" title=\"\"><\/a><\/div><a class=\"wp-block-latest-posts__post-title\" href=\"https:\/\/portalpopmais.com.br\/en\/lionel-richie-e-internado-na-uti-apos-show-nos-estados-unidos-diz-site\/\">Lionel Richie \u00e9 internado na UTI ap\u00f3s show nos Estados Unidos, diz site<\/a><\/li>\n<\/ul>\n\n\n<p class=\"wp-block-paragraph\"><em>&#8220;Minhas cuecas&#8221;<\/em>, responde o ex-BBB.<em> &#8220;Que bom, fica sem&#8221;<\/em>, dispara Lary. Bil ent\u00e3o continua: <em>&#8220;Ah, n\u00e3o gosto. Fica balan\u00e7ando&#8221;.<\/em><\/p>\n\n\n\n<p class=\"wp-block-paragraph\">Lary ent\u00e3o responde:<em> &#8220;Balan\u00e7a, balan\u00e7a a glock!&#8221;<\/em>. Assista:<\/p>\n\n\n\n<figure class=\"wp-block-embed is-type-rich is-provider-twitter wp-block-embed-twitter\"><div class=\"wp-block-embed__wrapper\">\n<blockquote class=\"twitter-tweet\" data-width=\"550\" data-dnt=\"true\"><p lang=\"pt\" dir=\"ltr\">Bil reclama de sumi\u00e7o de cuecas e Lary dispara: &quot;balan\u00e7a a glock&quot; <a href=\"https:\/\/t.co\/3A76mghOWY\">pic.twitter.com\/3A76mghOWY<\/a><\/p>&mdash; Diego Cartaxo (@D_Cartaxo) <a href=\"https:\/\/twitter.com\/D_Cartaxo\/status\/1445809886986604547?ref_src=twsrc%5Etfw\" target=\"_blank\" rel=\"noopener\">October 6, 2021<\/a><\/blockquote><script async src=\"https:\/\/platform.twitter.com\/widgets.js\" charset=\"utf-8\"><\/script>\n<\/div><\/figure>","protected":false},"excerpt":{"rendered":"<p>Na tarde desta quarta-feira (6), Bil Ara\u00fajo reclamou que suas cuecas haviam sumido dentro da sede de &#8220;A Fazenda 13&#8221;. Perto da piscina, o pe\u00e3o desabafava com MC Gui, quando Lary Bottino se uniu \u00e0 conversa. &#8220;Sumiu tudo, fi&#8221;, come\u00e7a Bil. Lary ent\u00e3o questiona: &#8220;o que?&#8221;. Veja tamb\u00e9m &#8220;Minhas cuecas&#8221;, responde o ex-BBB. &#8220;Que bom, [&hellip;]<\/p>\n","protected":false},"author":1,"featured_media":92325,"comment_status":"closed","ping_status":"open","sticky":false,"template":"","format":"standard","meta":{"footnotes":""},"categories":[8605],"tags":[8906,9361],"class_list":["post-94120","post","type-post","status-publish","format-standard","has-post-thumbnail","hentry","category-realities","tag-a-fazenda-13","tag-bil-araujo-2"],"_links":{"self":[{"href":"https:\/\/portalpopmais.com.br\/en\/wp-json\/wp\/v2\/posts\/94120","targetHints":{"allow":["GET"]}}],"collection":[{"href":"https:\/\/portalpopmais.com.br\/en\/wp-json\/wp\/v2\/posts"}],"about":[{"href":"https:\/\/portalpopmais.com.br\/en\/wp-json\/wp\/v2\/types\/post"}],"author":[{"embeddable":true,"href":"https:\/\/portalpopmais.com.br\/en\/wp-json\/wp\/v2\/users\/1"}],"replies":[{"embeddable":true,"href":"https:\/\/portalpopmais.com.br\/en\/wp-json\/wp\/v2\/comments?post=94120"}],"version-history":[{"count":0,"href":"https:\/\/portalpopmais.com.br\/en\/wp-json\/wp\/v2\/posts\/94120\/revisions"}],"wp:featuredmedia":[{"embeddable":true,"href":"https:\/\/portalpopmais.com.br\/en\/wp-json\/wp\/v2\/media\/92325"}],"wp:attachment":[{"href":"https:\/\/portalpopmais.com.br\/en\/wp-json\/wp\/v2\/media?parent=94120"}],"wp:term":[{"taxonomy":"category","embeddable":true,"href":"https:\/\/portalpopmais.com.br\/en\/wp-json\/wp\/v2\/categories?post=94120"},{"taxonomy":"post_tag","embeddable":true,"href":"https:\/\/portalpopmais.com.br\/en\/wp-json\/wp\/v2\/tags?post=94120"}],"curies":[{"name":"wp","href":"https:\/\/api.w.org\/{rel}","templated":true}]}}