{"id":95105,"date":"2021-10-18T11:42:53","date_gmt":"2021-10-18T14:42:53","guid":{"rendered":"https:\/\/portalpopmais.com.br\/?p=95105"},"modified":"2021-10-18T11:47:14","modified_gmt":"2021-10-18T14:47:14","slug":"tati-compara-audiencia-a-fazenda-bbb","status":"publish","type":"post","link":"https:\/\/portalpopmais.com.br\/en\/tati-compara-audiencia-a-fazenda-bbb\/","title":{"rendered":"&#8220;A Fazenda 13&#8221;: &#8220;L\u00e1 \u00e9 outro patamar&#8221;, diz Tati sobre audi\u00eancia do BBB"},"content":{"rendered":"\n<p class=\"wp-block-paragraph\"><strong><a href=\"https:\/\/portalpopmais.com.br\/tati-quebra-barraco-nega-a-fazenda-13\/\" target=\"_blank\" data-type=\"post\" data-id=\"87316\" rel=\"noreferrer noopener\">Tati Quebra Barraco<\/a><\/strong> e <strong>Solange Gomes<\/strong> conversavam na cozinha de &#8220;A Fazenda 13&#8221;, na manh\u00e3 desta segunda-feira (18), quando acabaram comparando o reality da Record TV com o &#8220;BBB&#8221;, da <a href=\"http:\/\/gshow.com\" target=\"_blank\" rel=\"noopener\">TV Globo.<\/a><\/p>\n\n\n\n<p class=\"wp-block-paragraph\"><em>&#8220;Reality show \u00e9 um jogo comportamental, na minha opini\u00e3o&#8221;, <\/em>come\u00e7ou Solange<em>. &#8220;A gente pode botar uma grande estrela aqui e, se ela for uma chata\u2026&#8221;.<\/em><\/p>\n\n\n<ul class=\"wp-block-latest-posts__list is-grid columns-2 wp-block-latest-posts is-layout-flow wp-block-latest-posts-is-layout-flow\"><li><div class=\"wp-block-latest-posts__featured-image aligncenter\"><a href=\"https:\/\/portalpopmais.com.br\/en\/carlos-monforte-um-dos-pioneiros-do-telejornalismo-brasileiro-morre-aos-77-anos\/\" aria-label=\"Carlos Monforte, um dos pioneiros do telejornalismo brasileiro, morre aos 77 anos\"><img loading=\"lazy\" decoding=\"async\" width=\"880\" height=\"522\" src=\"https:\/\/portalpopmais.com.br\/wp-content\/uploads\/2026\/08\/carlos_monforte-vbcdto24yvqr-1170x694.png\" class=\"attachment-large size-large wp-post-image\" alt=\"carlos monforte vbcdto24yvqr\" style=\"\" srcset=\"https:\/\/portalpopmais.com.br\/wp-content\/uploads\/2026\/08\/carlos_monforte-vbcdto24yvqr-1170x694.png 1170w, https:\/\/portalpopmais.com.br\/wp-content\/uploads\/2026\/08\/carlos_monforte-vbcdto24yvqr-768x456.png 768w, https:\/\/portalpopmais.com.br\/wp-content\/uploads\/2026\/08\/carlos_monforte-vbcdto24yvqr-18x10.png 18w\" sizes=\"auto, (max-width: 880px) 100vw, 880px\" title=\"\"><\/a><\/div><a class=\"wp-block-latest-posts__post-title\" href=\"https:\/\/portalpopmais.com.br\/en\/carlos-monforte-um-dos-pioneiros-do-telejornalismo-brasileiro-morre-aos-77-anos\/\">Carlos Monforte, um dos pioneiros do telejornalismo brasileiro, morre aos 77 anos<\/a><\/li>\n<li><div class=\"wp-block-latest-posts__featured-image aligncenter\"><a href=\"https:\/\/portalpopmais.com.br\/en\/globo-define-renata-lo-prete-para-comandar-novas-sabatinas-com-presidenciaveis\/\" aria-label=\"Globo define Renata Lo Prete para comandar novas sabatinas com presidenci\u00e1veis\"><img loading=\"lazy\" decoding=\"async\" width=\"880\" height=\"586\" src=\"https:\/\/portalpopmais.com.br\/wp-content\/uploads\/2026\/08\/novidades-no-jornalismo-da-globo-o-que-vem-por-ai-em-2026-efab868e5afb-urmwaz7hmypd.jpg\" class=\"attachment-large size-large wp-post-image\" alt=\"novidades no jornalismo da globo o que vem por ai em 2026 efab868e5afb urmwaz7hmypd\" style=\"\" srcset=\"https:\/\/portalpopmais.com.br\/wp-content\/uploads\/2026\/08\/novidades-no-jornalismo-da-globo-o-que-vem-por-ai-em-2026-efab868e5afb-urmwaz7hmypd.jpg 1000w, https:\/\/portalpopmais.com.br\/wp-content\/uploads\/2026\/08\/novidades-no-jornalismo-da-globo-o-que-vem-por-ai-em-2026-efab868e5afb-urmwaz7hmypd-768x511.jpg 768w, https:\/\/portalpopmais.com.br\/wp-content\/uploads\/2026\/08\/novidades-no-jornalismo-da-globo-o-que-vem-por-ai-em-2026-efab868e5afb-urmwaz7hmypd-18x12.jpg 18w\" sizes=\"auto, (max-width: 880px) 100vw, 880px\" title=\"\"><\/a><\/div><a class=\"wp-block-latest-posts__post-title\" href=\"https:\/\/portalpopmais.com.br\/en\/globo-define-renata-lo-prete-para-comandar-novas-sabatinas-com-presidenciaveis\/\">Globo define Renata Lo Prete para comandar novas sabatinas com presidenci\u00e1veis<\/a><\/li>\n<\/ul>\n\n\n<p class=\"wp-block-paragraph\">Tati interrompeu: <em>&#8220;Solange, mas quem decide \u00e9 o p\u00fablico. Isso \u00e9 o que voc\u00ea acha. Ser\u00e1 que o p\u00fablico t\u00e1 achando isso l\u00e1 fora? Porque ningu\u00e9m quer ver comportamento n\u00e3o, meu amor. O povo quer ver \u00e9 lealdade e respeito. Fora isso, o p\u00fablico quer que o pau quebre&#8221;.<\/em><\/p>\n\n\n\n<p class=\"wp-block-paragraph\"><em>&#8220;Eu acho que v\u00ea, porque sen\u00e3o a Juliette n\u00e3o sa\u00eda com 30 milh\u00f5es [de seguidores] do BBB sendo uma an\u00f4nima. \u00c9 um jogo comportamental. Entrou com tr\u00eas mil seguidores&#8221;<\/em>, pontuou a ex-banheira do Gugu.<\/p>\n\n\n\n<p class=\"wp-block-paragraph\"><em>&#8220;Mas a\u00ed t\u00e1 escrito, n\u00e9. Tem coisa da vida que est\u00e1 escrita. Uma hora vai dar sorte. Outra coisa: Voc\u00ea n\u00e3o pode comparar l\u00e1 [no BBB] com aqui, n\u00e3o. Porque l\u00e1, \u00e9 totalmente diferente. At\u00e9 de audi\u00eancia! L\u00e1 \u00e9 outro patamar&#8221;<\/em>, disse Tati, estalando os dedos. <em>&#8220;N\u00e3o desmerecendo, mas \u00e9 a realidade&#8221;.<\/em><\/p>\n","protected":false},"excerpt":{"rendered":"<p>Tati Quebra Barraco e Solange Gomes conversavam na cozinha de &#8220;A Fazenda 13&#8221;, na manh\u00e3 desta segunda-feira (18), quando acabaram comparando o reality da Record TV com o &#8220;BBB&#8221;, da TV Globo. &#8220;Reality show \u00e9 um jogo comportamental, na minha opini\u00e3o&#8221;, come\u00e7ou Solange. &#8220;A gente pode botar uma grande estrela aqui e, se ela for [&hellip;]<\/p>\n","protected":false},"author":2,"featured_media":92065,"comment_status":"closed","ping_status":"open","sticky":false,"template":"","format":"standard","meta":{"footnotes":""},"categories":[8605],"tags":[8906],"class_list":["post-95105","post","type-post","status-publish","format-standard","has-post-thumbnail","hentry","category-realities","tag-a-fazenda-13"],"_links":{"self":[{"href":"https:\/\/portalpopmais.com.br\/en\/wp-json\/wp\/v2\/posts\/95105","targetHints":{"allow":["GET"]}}],"collection":[{"href":"https:\/\/portalpopmais.com.br\/en\/wp-json\/wp\/v2\/posts"}],"about":[{"href":"https:\/\/portalpopmais.com.br\/en\/wp-json\/wp\/v2\/types\/post"}],"author":[{"embeddable":true,"href":"https:\/\/portalpopmais.com.br\/en\/wp-json\/wp\/v2\/users\/2"}],"replies":[{"embeddable":true,"href":"https:\/\/portalpopmais.com.br\/en\/wp-json\/wp\/v2\/comments?post=95105"}],"version-history":[{"count":0,"href":"https:\/\/portalpopmais.com.br\/en\/wp-json\/wp\/v2\/posts\/95105\/revisions"}],"wp:featuredmedia":[{"embeddable":true,"href":"https:\/\/portalpopmais.com.br\/en\/wp-json\/wp\/v2\/media\/92065"}],"wp:attachment":[{"href":"https:\/\/portalpopmais.com.br\/en\/wp-json\/wp\/v2\/media?parent=95105"}],"wp:term":[{"taxonomy":"category","embeddable":true,"href":"https:\/\/portalpopmais.com.br\/en\/wp-json\/wp\/v2\/categories?post=95105"},{"taxonomy":"post_tag","embeddable":true,"href":"https:\/\/portalpopmais.com.br\/en\/wp-json\/wp\/v2\/tags?post=95105"}],"curies":[{"name":"wp","href":"https:\/\/api.w.org\/{rel}","templated":true}]}}