{"id":96184,"date":"2021-11-01T11:05:00","date_gmt":"2021-11-01T14:05:00","guid":{"rendered":"https:\/\/portalpopmais.com.br\/?p=96184"},"modified":"2021-11-02T22:34:35","modified_gmt":"2021-11-03T01:34:35","slug":"dynho-alves-flagra-parte-intima-a-fazenda-13","status":"publish","type":"post","link":"https:\/\/portalpopmais.com.br\/en\/dynho-alves-flagra-parte-intima-a-fazenda-13\/","title":{"rendered":"Dynho Alves deixa escapar parte \u00edntima enquanto se veste em \u2018A Fazenda 13\u2019"},"content":{"rendered":"<p class=\"wp-block-paragraph\">Os flagras em<a href=\"http:\/\/r7.com\" target=\"_blank\" rel=\"noreferrer noopener\"> &#8220;A Fazenda 13&#8221;<\/a> continuam a todo vapor! Na semana passada,<strong> <a href=\"https:\/\/portalpopmais.com.br\/en\/dynho-alves-aclamado-apos-quase-bater-em-nego-do-borel\/\" target=\"_blank\" data-type=\"post\" data-id=\"92405\" rel=\"noreferrer noopener\">Dynho Alves<\/a><\/strong> acabou deixando escapar algo enquanto se vestia na sede do reality. Na ocasi\u00e3o, o marido de MC Mirella se descuidou ao colocar a cueca e ficou com uma parte do p\u00eanis \u00e0 mostra em frente as c\u00e2meras da Record TV.<\/p>\n\n\n\n<p class=\"wp-block-paragraph\">O registro foi compartilhado por uma p\u00e1gina de flagras,  e nele \u00e9 poss\u00edvel notar Dynho no quarto terminando de colocar sua cal\u00e7a. Em determinado momento, ele ajeita seu \u00f3rg\u00e3o genital dentro da cueca e o puxa para fora. Apesar do flagra ter durado poucos segundos, j\u00e1 foi o suficiente para o p\u00fablico ir \u00e0 loucura nas redes sociais.<\/p>\n\n\n<ul class=\"wp-block-latest-posts__list is-grid wp-block-latest-posts is-layout-flow wp-block-latest-posts-is-layout-flow\"><li><div class=\"wp-block-latest-posts__featured-image aligncenter\"><a href=\"https:\/\/portalpopmais.com.br\/en\/governo-regulamenta-venda-de-ingressos-online-para-combater-cambismo-digital\/\" aria-label=\"Governo regulamenta venda de ingressos online para combater cambismo digital\"><img loading=\"lazy\" decoding=\"async\" width=\"768\" height=\"456\" src=\"https:\/\/portalpopmais.com.br\/wp-content\/uploads\/2025\/08\/Lula-768x456.jpg\" class=\"attachment-medium size-medium wp-post-image\" alt=\"\" style=\"\" title=\"\"><\/a><\/div><a class=\"wp-block-latest-posts__post-title\" href=\"https:\/\/portalpopmais.com.br\/en\/governo-regulamenta-venda-de-ingressos-online-para-combater-cambismo-digital\/\">Governo regulamenta venda de ingressos online para combater cambismo digital<\/a><\/li>\n<li><div class=\"wp-block-latest-posts__featured-image aligncenter\"><a href=\"https:\/\/portalpopmais.com.br\/en\/homem-condenado-morte-tupac\/\" aria-label=\"Quase 30 anos ap\u00f3s o crime, homem \u00e9 condenado pelo assassinato de Tupac Shakur\"><img loading=\"lazy\" decoding=\"async\" width=\"768\" height=\"456\" src=\"https:\/\/portalpopmais.com.br\/wp-content\/uploads\/2026\/09\/homem-condenado-morte-tuac-768x456.png\" class=\"attachment-medium size-medium wp-post-image\" alt=\"homem condenado morte tuac\" style=\"\" srcset=\"https:\/\/portalpopmais.com.br\/wp-content\/uploads\/2026\/09\/homem-condenado-morte-tuac-768x456.png 768w, https:\/\/portalpopmais.com.br\/wp-content\/uploads\/2026\/09\/homem-condenado-morte-tuac-1170x694.png 1170w, https:\/\/portalpopmais.com.br\/wp-content\/uploads\/2026\/09\/homem-condenado-morte-tuac-18x10.png 18w\" sizes=\"auto, (max-width: 768px) 100vw, 768px\" title=\"\"><\/a><\/div><a class=\"wp-block-latest-posts__post-title\" href=\"https:\/\/portalpopmais.com.br\/en\/homem-condenado-morte-tupac\/\">Quase 30 anos ap\u00f3s o crime, homem \u00e9 condenado pelo assassinato de Tupac Shakur<\/a><\/li>\n<li><div class=\"wp-block-latest-posts__featured-image aligncenter\"><a href=\"https:\/\/portalpopmais.com.br\/en\/pedro-scooby-confirma-o-fim-do-casamento-com-cintia-dicker\/\" aria-label=\"Pedro Scooby confirma o fim do casamento com Cintia Dicker\"><img loading=\"lazy\" decoding=\"async\" width=\"768\" height=\"456\" src=\"https:\/\/portalpopmais.com.br\/wp-content\/uploads\/2026\/08\/design-sem-nome-11-1-768x456.jpg\" class=\"attachment-medium size-medium wp-post-image\" alt=\"design sem nome 11 (1)\" style=\"\" srcset=\"https:\/\/portalpopmais.com.br\/wp-content\/uploads\/2026\/08\/design-sem-nome-11-1-768x456.jpg 768w, https:\/\/portalpopmais.com.br\/wp-content\/uploads\/2026\/08\/design-sem-nome-11-1-18x12.jpg 18w\" sizes=\"auto, (max-width: 768px) 100vw, 768px\" title=\"\"><\/a><\/div><a class=\"wp-block-latest-posts__post-title\" href=\"https:\/\/portalpopmais.com.br\/en\/pedro-scooby-confirma-o-fim-do-casamento-com-cintia-dicker\/\">Pedro Scooby confirma o fim do casamento com Cintia Dicker<\/a><\/li>\n<\/ul>\n\n\n<p class=\"wp-block-paragraph\"><em>\u201cAi eu vi, fiquei agitada aqui, esse Dynho \u00e9 gostoso demais\u201d<\/em>, comentou uma seguidora. <em>\u201cCheio de pentelhos\u201d,<\/em> observou um rapaz. <em>\u201cQueria ter visto mais\u201d<\/em>, comentou outra seguidora. <em>\u201cN\u00e3o paro de assistir esse v\u00eddeo\u201d<\/em>, escreveu mais um internauta. <em>\u201cEsse cara \u00e9 meu sonho de consumo\u201d<\/em>, disparou outro f\u00e3.<\/p>\n\n\n\n<figure class=\"wp-block-embed aligncenter is-type-rich is-provider-twitter wp-block-embed-twitter\"><div class=\"wp-block-embed__wrapper\">\n<blockquote class=\"twitter-tweet\" data-width=\"550\" data-dnt=\"true\"><p lang=\"pt\" dir=\"ltr\">Dynho mostrou demais <a href=\"https:\/\/twitter.com\/hashtag\/AFazenda13?src=hash&amp;ref_src=twsrc%5Etfw\" target=\"_blank\" rel=\"noopener\">#AFazenda13<\/a><br>&gt;&gt; <a href=\"https:\/\/twitter.com\/artistasnus?ref_src=twsrc%5Etfw\" target=\"_blank\" rel=\"noopener\">@ArtistasNus<\/a> <a href=\"https:\/\/t.co\/X94TQ7Oa94\">pic.twitter.com\/X94TQ7Oa94<\/a><\/p>&mdash; Flagras Realitys (@FlagrasRealitys) <a href=\"https:\/\/twitter.com\/FlagrasRealitys\/status\/1452020891911589896?ref_src=twsrc%5Etfw\" target=\"_blank\" rel=\"noopener\">October 23, 2021<\/a><\/blockquote><script async src=\"https:\/\/platform.twitter.com\/widgets.js\" charset=\"utf-8\"><\/script>\n<\/div><\/figure>\n\n\n\n<div class=\"wp-block-image\"><figure class=\"aligncenter size-full\"><img loading=\"lazy\" decoding=\"async\" width=\"1228\" height=\"1656\" src=\"https:\/\/portalpopmais.com.br\/wp-content\/uploads\/2021\/11\/dynho-flagra.png\" alt=\"dynho flagra\" class=\"wp-image-96185\" title=\"\"><figcaption>Foto: Reprodu\u00e7\u00e3o<\/figcaption><\/figure><\/div>","protected":false},"excerpt":{"rendered":"<p>Os flagras em &#8220;A Fazenda 13&#8221; continuam a todo vapor! Na semana passada, Dynho Alves acabou deixando escapar algo enquanto se vestia na sede do reality. Na ocasi\u00e3o, o marido de MC Mirella se descuidou ao colocar a cueca e ficou com uma parte do p\u00eanis \u00e0 mostra em frente as c\u00e2meras da Record TV. [&hellip;]<\/p>\n","protected":false},"author":2,"featured_media":96186,"comment_status":"closed","ping_status":"open","sticky":false,"template":"","format":"standard","meta":{"footnotes":""},"categories":[8605],"tags":[8906,9119],"class_list":["post-96184","post","type-post","status-publish","format-standard","has-post-thumbnail","hentry","category-realities","tag-a-fazenda-13","tag-dynho-alves"],"_links":{"self":[{"href":"https:\/\/portalpopmais.com.br\/en\/wp-json\/wp\/v2\/posts\/96184","targetHints":{"allow":["GET"]}}],"collection":[{"href":"https:\/\/portalpopmais.com.br\/en\/wp-json\/wp\/v2\/posts"}],"about":[{"href":"https:\/\/portalpopmais.com.br\/en\/wp-json\/wp\/v2\/types\/post"}],"author":[{"embeddable":true,"href":"https:\/\/portalpopmais.com.br\/en\/wp-json\/wp\/v2\/users\/2"}],"replies":[{"embeddable":true,"href":"https:\/\/portalpopmais.com.br\/en\/wp-json\/wp\/v2\/comments?post=96184"}],"version-history":[{"count":0,"href":"https:\/\/portalpopmais.com.br\/en\/wp-json\/wp\/v2\/posts\/96184\/revisions"}],"wp:featuredmedia":[{"embeddable":true,"href":"https:\/\/portalpopmais.com.br\/en\/wp-json\/wp\/v2\/media\/96186"}],"wp:attachment":[{"href":"https:\/\/portalpopmais.com.br\/en\/wp-json\/wp\/v2\/media?parent=96184"}],"wp:term":[{"taxonomy":"category","embeddable":true,"href":"https:\/\/portalpopmais.com.br\/en\/wp-json\/wp\/v2\/categories?post=96184"},{"taxonomy":"post_tag","embeddable":true,"href":"https:\/\/portalpopmais.com.br\/en\/wp-json\/wp\/v2\/tags?post=96184"}],"curies":[{"name":"wp","href":"https:\/\/api.w.org\/{rel}","templated":true}]}}