{"id":96203,"date":"2021-11-01T17:01:49","date_gmt":"2021-11-01T20:01:49","guid":{"rendered":"https:\/\/portalpopmais.com.br\/?p=96203"},"modified":"2021-11-01T17:01:58","modified_gmt":"2021-11-01T20:01:58","slug":"taby-festas-da-conexao-teen-e-watch-io","status":"publish","type":"post","link":"https:\/\/portalpopmais.com.br\/en\/taby-festas-da-conexao-teen-e-watch-io\/","title":{"rendered":"Taby participa de festas da webs\u00e9rie &#8220;Conex\u00e3o Teen&#8221; e da Watch.io"},"content":{"rendered":"<p>O final de semana de Halloween da estrela teen <a href=\"http:\/\/instagram.com\/taby\" target=\"_blank\" rel=\"noreferrer noopener\">Taby<\/a> foi super agitado! Primeiro, a gata compareceu \u00e0 festa de encerramento da segunda temporada da webs\u00e9rie Conex\u00e3o Teen, em que ela atuou.<\/p>\n\n\n\n<p>A festa contou com apresenta\u00e7\u00f5es de alguns dos artistas que participaram da s\u00e9rie, e Taby cantou a m\u00fasica <em>\u201cT\u00e1 Afim\u201d<\/em>, faixa in\u00e9dita que foi composta especialmente para a produ\u00e7\u00e3o.<\/p>\n\n\n\n<p><strong>Leia tamb\u00e9m:<\/strong> <a href=\"https:\/\/portalpopmais.com.br\/en\/taby-mad-dogz-clipe-pane\/\" target=\"_blank\" data-type=\"post\" data-id=\"78814\" rel=\"noreferrer noopener\">Taby lan\u00e7a clipe da faixa \u201cPane\u201d, parceria com Mad Dogz<\/a><\/p>\n\n\n\n<p>No mesmo dia, ela tamb\u00e9m marcou presen\u00e7a na badalada festa de Halloween promovida pela Watch.io, nova plataforma de influenciadores, realizada no Teatro Municipal de SP e no Bar dos Arcos. Ao lado de convidados como Carlinhos Maia, Dra Deolane Bezerra, Lucas Viana, Gustavo Rocha e Glenda Loures, a girl levou v\u00e1rios sustos com a caprichada decora\u00e7\u00e3o, participou de diversas brincadeiras como escape room e at\u00e9 fez uma nova tatuagem!<\/p>\n\n\n\n<p>Confira algumas fotos:<\/p>\n\n\n\n<figure class=\"wp-block-gallery columns-3 is-cropped wp-block-gallery-1 is-layout-flex wp-block-gallery-is-layout-flex\"><ul class=\"blocks-gallery-grid\"><li class=\"blocks-gallery-item\"><figure><img loading=\"lazy\" decoding=\"async\" width=\"1920\" height=\"2560\" src=\"https:\/\/portalpopmais.com.br\/wp-content\/uploads\/2021\/11\/IMG_2260-1-scaled.jpg\" alt=\"\" data-id=\"96205\" data-full-url=\"https:\/\/portalpopmais.com.br\/wp-content\/uploads\/2021\/11\/IMG_2260-1-scaled.jpg\" data-link=\"https:\/\/portalpopmais.com.br\/?attachment_id=96205\" class=\"wp-image-96205\" title=\"\"><figcaption class=\"blocks-gallery-item__caption\">TABY &#8211; Imagem: Reprodu\u00e7\u00e3o<\/figcaption><\/figure><\/li><li class=\"blocks-gallery-item\"><figure><img loading=\"lazy\" decoding=\"async\" width=\"610\" height=\"1236\" src=\"https:\/\/portalpopmais.com.br\/wp-content\/uploads\/2021\/11\/WhatsApp-Image-2021-11-01-at-15.38.04.jpeg\" alt=\"\" data-id=\"96206\" data-full-url=\"https:\/\/portalpopmais.com.br\/wp-content\/uploads\/2021\/11\/WhatsApp-Image-2021-11-01-at-15.38.04.jpeg\" data-link=\"https:\/\/portalpopmais.com.br\/?attachment_id=96206\" class=\"wp-image-96206\" title=\"\"><figcaption class=\"blocks-gallery-item__caption\">TABY &#8211; Imagem: Reprodu\u00e7\u00e3o<\/figcaption><\/figure><\/li><li class=\"blocks-gallery-item\"><figure><img loading=\"lazy\" decoding=\"async\" width=\"1646\" height=\"2560\" src=\"https:\/\/portalpopmais.com.br\/wp-content\/uploads\/2021\/11\/FullSizeRender-scaled.jpg\" alt=\"\" data-id=\"96207\" data-full-url=\"https:\/\/portalpopmais.com.br\/wp-content\/uploads\/2021\/11\/FullSizeRender-scaled.jpg\" data-link=\"https:\/\/portalpopmais.com.br\/?attachment_id=96207\" class=\"wp-image-96207\" title=\"\"><figcaption class=\"blocks-gallery-item__caption\">TABY &#8211; Imagem: Reprodu\u00e7\u00e3o<\/figcaption><\/figure><\/li><\/ul><\/figure>","protected":false},"excerpt":{"rendered":"<p>O final de semana de Halloween da estrela teen Taby foi super agitado! Primeiro, a gata compareceu \u00e0 festa de encerramento da segunda temporada da webs\u00e9rie Conex\u00e3o Teen, em que ela atuou. A festa contou com apresenta\u00e7\u00f5es de alguns dos artistas que participaram da s\u00e9rie, e Taby cantou a m\u00fasica \u201cT\u00e1 Afim\u201d, faixa in\u00e9dita que [&hellip;]<\/p>\n","protected":false},"author":2,"featured_media":96204,"comment_status":"closed","ping_status":"open","sticky":false,"template":"","format":"standard","meta":{"footnotes":""},"categories":[173],"tags":[3865],"class_list":["post-96203","post","type-post","status-publish","format-standard","has-post-thumbnail","hentry","category-celebridades","tag-taby"],"_links":{"self":[{"href":"https:\/\/portalpopmais.com.br\/en\/wp-json\/wp\/v2\/posts\/96203","targetHints":{"allow":["GET"]}}],"collection":[{"href":"https:\/\/portalpopmais.com.br\/en\/wp-json\/wp\/v2\/posts"}],"about":[{"href":"https:\/\/portalpopmais.com.br\/en\/wp-json\/wp\/v2\/types\/post"}],"author":[{"embeddable":true,"href":"https:\/\/portalpopmais.com.br\/en\/wp-json\/wp\/v2\/users\/2"}],"replies":[{"embeddable":true,"href":"https:\/\/portalpopmais.com.br\/en\/wp-json\/wp\/v2\/comments?post=96203"}],"version-history":[{"count":0,"href":"https:\/\/portalpopmais.com.br\/en\/wp-json\/wp\/v2\/posts\/96203\/revisions"}],"wp:featuredmedia":[{"embeddable":true,"href":"https:\/\/portalpopmais.com.br\/en\/wp-json\/wp\/v2\/media\/96204"}],"wp:attachment":[{"href":"https:\/\/portalpopmais.com.br\/en\/wp-json\/wp\/v2\/media?parent=96203"}],"wp:term":[{"taxonomy":"category","embeddable":true,"href":"https:\/\/portalpopmais.com.br\/en\/wp-json\/wp\/v2\/categories?post=96203"},{"taxonomy":"post_tag","embeddable":true,"href":"https:\/\/portalpopmais.com.br\/en\/wp-json\/wp\/v2\/tags?post=96203"}],"curies":[{"name":"wp","href":"https:\/\/api.w.org\/{rel}","templated":true}]}}