{"id":96677,"date":"2021-11-05T00:27:11","date_gmt":"2021-11-05T03:27:11","guid":{"rendered":"https:\/\/portalpopmais.com.br\/?p=96677"},"modified":"2021-11-05T00:27:15","modified_gmt":"2021-11-05T03:27:15","slug":"internet-comemora-eliminacao-erasmo","status":"publish","type":"post","link":"https:\/\/portalpopmais.com.br\/en\/internet-comemora-eliminacao-erasmo\/","title":{"rendered":"A Fazenda: Internet comemora elimina\u00e7\u00e3o de Erasmo: &#8220;vencemos muito&#8221;"},"content":{"rendered":"<p class=\"wp-block-paragraph\">O p\u00fablico de casa comemorou a <a href=\"https:\/\/portalpopmais.com.br\/en\/erasmo-viana-eliminado-a-fazenda-13\/\" target=\"_blank\" data-type=\"post\" data-id=\"96675\" rel=\"noreferrer noopener\">elimina\u00e7\u00e3o de <strong>Erasmo Viana<\/strong><\/a>, na Ro\u00e7a desta quinta-feira (4\/11), em <a href=\"http:\/\/r7.com\" target=\"_blank\" rel=\"noreferrer noopener\">&#8220;A Fazenda 13&#8221;.<\/a> O influenciador digital recebeu apenas 19,91% e deixou a sede do reality rural da Record TV ap\u00f3s disputar a prefer\u00eancia do p\u00fablico com Rico e Solange.<\/p>\n\n\n\n<p class=\"wp-block-paragraph\">No Twitter, a elimina\u00e7\u00e3o do pe\u00e3o foi amplamente comemorada pelos internautas, ficando entre os assuntos mais comentados do microblog nas primeiras horas da madrugada desta sexta.<\/p>\n\n\n\n<figure class=\"wp-block-embed is-type-rich is-provider-twitter wp-block-embed-twitter\"><div class=\"wp-block-embed__wrapper\">\n<blockquote class=\"twitter-tweet\" data-width=\"550\" data-dnt=\"true\"><p lang=\"pt\" dir=\"ltr\">VOC\u00ca MERECE, SOLANGE!!!!!!!!!!!!!!!!!\u00cdCONE QUE FORNECE ENTRETENIMENTO!!!!!! <a href=\"https:\/\/twitter.com\/hashtag\/Elimina%C3%A7%C3%A3oAfazenda?src=hash&amp;ref_src=twsrc%5Etfw\" target=\"_blank\" rel=\"noopener\">#Elimina\u00e7\u00e3oAfazenda<\/a> <a href=\"https:\/\/twitter.com\/hashtag\/Afazenda?src=hash&amp;ref_src=twsrc%5Etfw\" target=\"_blank\" rel=\"noopener\">#Afazenda<\/a> <a href=\"https:\/\/t.co\/XzSCIHklvA\">pic.twitter.com\/XzSCIHklvA<\/a><\/p>&mdash; S\u00e9rgio Santos (@ZAMENZA) <a href=\"https:\/\/twitter.com\/ZAMENZA\/status\/1456461438277595147?ref_src=twsrc%5Etfw\" target=\"_blank\" rel=\"noopener\">November 5, 2021<\/a><\/blockquote><script async src=\"https:\/\/platform.twitter.com\/widgets.js\" charset=\"utf-8\"><\/script>\n<\/div><\/figure>\n\n\n\n<figure class=\"wp-block-embed is-type-rich is-provider-twitter wp-block-embed-twitter\"><div class=\"wp-block-embed__wrapper\">\n<blockquote class=\"twitter-tweet\" data-width=\"550\" data-dnt=\"true\"><p lang=\"pt\" dir=\"ltr\">VENCEMOS MUITO!!!!!!!!!!!!!! <a href=\"https:\/\/twitter.com\/hashtag\/Afazenda?src=hash&amp;ref_src=twsrc%5Etfw\" target=\"_blank\" rel=\"noopener\">#Afazenda<\/a> <a href=\"https:\/\/twitter.com\/hashtag\/Elimina%C3%A7%C3%A3oAfazenda?src=hash&amp;ref_src=twsrc%5Etfw\" target=\"_blank\" rel=\"noopener\">#Elimina\u00e7\u00e3oAfazenda<\/a>  <a href=\"https:\/\/t.co\/zNrNObKDXJ\">pic.twitter.com\/zNrNObKDXJ<\/a><\/p>&mdash; S\u00e9rgio Santos (@ZAMENZA) <a href=\"https:\/\/twitter.com\/ZAMENZA\/status\/1456461630527713291?ref_src=twsrc%5Etfw\" target=\"_blank\" rel=\"noopener\">November 5, 2021<\/a><\/blockquote><script async src=\"https:\/\/platform.twitter.com\/widgets.js\" charset=\"utf-8\"><\/script>\n<\/div><\/figure>\n\n\n\n<figure class=\"wp-block-embed is-type-rich is-provider-twitter wp-block-embed-twitter\"><div class=\"wp-block-embed__wrapper\">\n<blockquote class=\"twitter-tweet\" data-width=\"550\" data-dnt=\"true\"><p lang=\"pt\" dir=\"ltr\">Valeram a pena as organiza\u00e7\u00f5es!!!!!!!!!!!!!!!!! Solange conseguiu quase 24%!!!!!!!!!!!!!! E Rico de LAVADA. <a href=\"https:\/\/twitter.com\/hashtag\/Elimina%C3%A7%C3%A3oAfazenda?src=hash&amp;ref_src=twsrc%5Etfw\" target=\"_blank\" rel=\"noopener\">#Elimina\u00e7\u00e3oAfazenda<\/a> <a href=\"https:\/\/t.co\/7rsGVfUacN\">pic.twitter.com\/7rsGVfUacN<\/a><\/p>&mdash; S\u00e9rgio Santos (@ZAMENZA) <a href=\"https:\/\/twitter.com\/ZAMENZA\/status\/1456461242495873039?ref_src=twsrc%5Etfw\" target=\"_blank\" rel=\"noopener\">November 5, 2021<\/a><\/blockquote><script async src=\"https:\/\/platform.twitter.com\/widgets.js\" charset=\"utf-8\"><\/script>\n<\/div><\/figure>\n\n\n\n<figure class=\"wp-block-embed is-type-rich is-provider-twitter wp-block-embed-twitter\"><div class=\"wp-block-embed__wrapper\">\n<blockquote class=\"twitter-tweet\" data-width=\"550\" data-dnt=\"true\"><p lang=\"pt\" dir=\"ltr\">OS PROTAGONISTAS FICARAM! <a href=\"https:\/\/twitter.com\/hashtag\/Elimina%C3%A7%C3%A3oAFazenda?src=hash&amp;ref_src=twsrc%5Etfw\" target=\"_blank\" rel=\"noopener\">#Elimina\u00e7\u00e3oAFazenda<\/a> <a href=\"https:\/\/t.co\/qXvDvGN6V7\">pic.twitter.com\/qXvDvGN6V7<\/a><\/p>&mdash; PEDRAO (@Itspedrito) <a href=\"https:\/\/twitter.com\/Itspedrito\/status\/1456461195582582814?ref_src=twsrc%5Etfw\" target=\"_blank\" rel=\"noopener\">November 5, 2021<\/a><\/blockquote><script async src=\"https:\/\/platform.twitter.com\/widgets.js\" charset=\"utf-8\"><\/script>\n<\/div><\/figure>\n\n\n\n<figure class=\"wp-block-embed is-type-rich is-provider-twitter wp-block-embed-twitter\"><div class=\"wp-block-embed__wrapper\">\n<blockquote class=\"twitter-tweet\" data-width=\"550\" data-dnt=\"true\"><p lang=\"pt\" dir=\"ltr\">O Erasmo descobrindo que gastou o cach\u00ea inteiro pra nada: <a href=\"https:\/\/twitter.com\/hashtag\/Elimina%C3%A7%C3%A3oAFazenda?src=hash&amp;ref_src=twsrc%5Etfw\" target=\"_blank\" rel=\"noopener\">#Elimina\u00e7\u00e3oAFazenda<\/a><a href=\"https:\/\/t.co\/rW9NJt095Y\">pic.twitter.com\/rW9NJt095Y<\/a><\/p>&mdash; Vai Desmaiar (@vaidesmaiar) <a href=\"https:\/\/twitter.com\/vaidesmaiar\/status\/1456461079823933442?ref_src=twsrc%5Etfw\" target=\"_blank\" rel=\"noopener\">November 5, 2021<\/a><\/blockquote><script async src=\"https:\/\/platform.twitter.com\/widgets.js\" charset=\"utf-8\"><\/script>\n<\/div><\/figure>","protected":false},"excerpt":{"rendered":"<p>O p\u00fablico de casa comemorou a elimina\u00e7\u00e3o de Erasmo Viana, na Ro\u00e7a desta quinta-feira (4\/11), em &#8220;A Fazenda 13&#8221;. O influenciador digital recebeu apenas 19,91% e deixou a sede do reality rural da Record TV ap\u00f3s disputar a prefer\u00eancia do p\u00fablico com Rico e Solange. No Twitter, a elimina\u00e7\u00e3o do pe\u00e3o foi amplamente comemorada pelos [&hellip;]<\/p>\n","protected":false},"author":1,"featured_media":96678,"comment_status":"closed","ping_status":"open","sticky":false,"template":"","format":"standard","meta":{"footnotes":""},"categories":[8605],"tags":[8906,9226],"class_list":["post-96677","post","type-post","status-publish","format-standard","has-post-thumbnail","hentry","category-realities","tag-a-fazenda-13","tag-erasmo-viana"],"_links":{"self":[{"href":"https:\/\/portalpopmais.com.br\/en\/wp-json\/wp\/v2\/posts\/96677","targetHints":{"allow":["GET"]}}],"collection":[{"href":"https:\/\/portalpopmais.com.br\/en\/wp-json\/wp\/v2\/posts"}],"about":[{"href":"https:\/\/portalpopmais.com.br\/en\/wp-json\/wp\/v2\/types\/post"}],"author":[{"embeddable":true,"href":"https:\/\/portalpopmais.com.br\/en\/wp-json\/wp\/v2\/users\/1"}],"replies":[{"embeddable":true,"href":"https:\/\/portalpopmais.com.br\/en\/wp-json\/wp\/v2\/comments?post=96677"}],"version-history":[{"count":0,"href":"https:\/\/portalpopmais.com.br\/en\/wp-json\/wp\/v2\/posts\/96677\/revisions"}],"wp:featuredmedia":[{"embeddable":true,"href":"https:\/\/portalpopmais.com.br\/en\/wp-json\/wp\/v2\/media\/96678"}],"wp:attachment":[{"href":"https:\/\/portalpopmais.com.br\/en\/wp-json\/wp\/v2\/media?parent=96677"}],"wp:term":[{"taxonomy":"category","embeddable":true,"href":"https:\/\/portalpopmais.com.br\/en\/wp-json\/wp\/v2\/categories?post=96677"},{"taxonomy":"post_tag","embeddable":true,"href":"https:\/\/portalpopmais.com.br\/en\/wp-json\/wp\/v2\/tags?post=96677"}],"curies":[{"name":"wp","href":"https:\/\/api.w.org\/{rel}","templated":true}]}}