{"id":96849,"date":"2021-11-05T22:35:18","date_gmt":"2021-11-06T01:35:18","guid":{"rendered":"https:\/\/portalpopmais.com.br\/?p=96849"},"modified":"2021-11-05T22:35:29","modified_gmt":"2021-11-06T01:35:29","slug":"roberta-miranda-internada-apos-saber-morte-marilia-mendonca","status":"publish","type":"post","link":"https:\/\/portalpopmais.com.br\/en\/roberta-miranda-internada-apos-saber-morte-marilia-mendonca\/","title":{"rendered":"Roberta Miranda \u00e9 internada ap\u00f3s saber da morte de Mar\u00edlia Mendon\u00e7a"},"content":{"rendered":"<p class=\"wp-block-paragraph\">A cantora <strong><a href=\"https:\/\/portalpopmais.com.br\/en\/roberta-miranda-nude-tiago-iorc\/\" target=\"_blank\" data-type=\"post\" data-id=\"58995\" rel=\"noreferrer noopener\">Roberta Miranda<\/a><\/strong> foi internada no hospital Albert Einstein, em S\u00e3o Paulo, ap\u00f3s receber a not\u00edcia sobre o falecimento de <a href=\"https:\/\/www.instagram.com\/mariliamendoncacantora\/\" target=\"_blank\" rel=\"noreferrer noopener\">Mar\u00edlia Mendon\u00e7a<\/a>, nesta sexta-feira (5). <\/p>\n\n\n\n<p class=\"wp-block-paragraph\">Segundo sua assessoria de imprensa, Roberta teve um problema de press\u00e3o alta, mas est\u00e1 bem, j\u00e1 recebeu alta e est\u00e1 a caminho de casa.<\/p>\n\n\n<ul class=\"wp-block-latest-posts__list is-grid wp-block-latest-posts is-layout-flow wp-block-latest-posts-is-layout-flow\"><li><div class=\"wp-block-latest-posts__featured-image\"><a href=\"https:\/\/portalpopmais.com.br\/en\/justica-condena-miguel-falabella-por-plagio-em-peca-de-teatro\/\" aria-label=\"Justi\u00e7a condena Miguel Falabella por pl\u00e1gio em pe\u00e7a de teatro\"><img loading=\"lazy\" decoding=\"async\" width=\"768\" height=\"456\" src=\"https:\/\/portalpopmais.com.br\/wp-content\/uploads\/2020\/06\/falabella-768x456.jpg\" class=\"attachment-medium size-medium wp-post-image\" alt=\"Miguel Falabella \u00e9 demitido da Globo ap\u00f3s quase 40 anos\" style=\"\" srcset=\"https:\/\/portalpopmais.com.br\/wp-content\/uploads\/2020\/06\/falabella-768x456.jpg 768w, https:\/\/portalpopmais.com.br\/wp-content\/uploads\/2020\/06\/falabella-1170x694.jpg 1170w\" sizes=\"auto, (max-width: 768px) 100vw, 768px\" title=\"\"><\/a><\/div><a class=\"wp-block-latest-posts__post-title\" href=\"https:\/\/portalpopmais.com.br\/en\/justica-condena-miguel-falabella-por-plagio-em-peca-de-teatro\/\">Justi\u00e7a condena Miguel Falabella por pl\u00e1gio em pe\u00e7a de teatro<\/a><\/li>\n<li><div class=\"wp-block-latest-posts__featured-image\"><a href=\"https:\/\/portalpopmais.com.br\/en\/juliano-floss-e-flagrado-em-momento-intimo-com-affair\/\" aria-label=\"Juliano Floss \u00e9 flagrado em momento \u00edntimo com affair\"><img loading=\"lazy\" decoding=\"async\" width=\"768\" height=\"456\" src=\"https:\/\/portalpopmais.com.br\/wp-content\/uploads\/2026\/02\/juliano-floss-768x456.jpg\" class=\"attachment-medium size-medium wp-post-image\" alt=\"juliano floss\" style=\"\" srcset=\"https:\/\/portalpopmais.com.br\/wp-content\/uploads\/2026\/02\/juliano-floss-768x456.jpg 768w, https:\/\/portalpopmais.com.br\/wp-content\/uploads\/2026\/02\/juliano-floss-1170x694.jpg 1170w, https:\/\/portalpopmais.com.br\/wp-content\/uploads\/2026\/02\/juliano-floss-18x10.jpg 18w\" sizes=\"auto, (max-width: 768px) 100vw, 768px\" title=\"\"><\/a><\/div><a class=\"wp-block-latest-posts__post-title\" href=\"https:\/\/portalpopmais.com.br\/en\/juliano-floss-e-flagrado-em-momento-intimo-com-affair\/\">Juliano Floss \u00e9 flagrado em momento \u00edntimo com affair<\/a><\/li>\n<li><div class=\"wp-block-latest-posts__featured-image\"><a href=\"https:\/\/portalpopmais.com.br\/en\/gloria-steinem-um-dos-maiores-icones-do-feminismo-mundial-morre-aos-92-anos\/\" aria-label=\"Gloria Steinem, um dos maiores \u00edcones do feminismo mundial, morre aos 92 anos\"><img loading=\"lazy\" decoding=\"async\" width=\"768\" height=\"456\" src=\"https:\/\/portalpopmais.com.br\/wp-content\/uploads\/2026\/09\/Gloria-Steinem-768x456.webp\" class=\"attachment-medium size-medium wp-post-image\" alt=\"Gloria Steinem\" style=\"\" srcset=\"https:\/\/portalpopmais.com.br\/wp-content\/uploads\/2026\/09\/Gloria-Steinem-768x456.webp 768w, https:\/\/portalpopmais.com.br\/wp-content\/uploads\/2026\/09\/Gloria-Steinem-1170x694.webp 1170w, https:\/\/portalpopmais.com.br\/wp-content\/uploads\/2026\/09\/Gloria-Steinem-18x12.webp 18w\" sizes=\"auto, (max-width: 768px) 100vw, 768px\" title=\"\"><\/a><\/div><a class=\"wp-block-latest-posts__post-title\" href=\"https:\/\/portalpopmais.com.br\/en\/gloria-steinem-um-dos-maiores-icones-do-feminismo-mundial-morre-aos-92-anos\/\">Gloria Steinem, um dos maiores \u00edcones do feminismo mundial, morre aos 92 anos<\/a><\/li>\n<\/ul>\n\n\n<p class=\"wp-block-paragraph\"><em>&#8220;A cantora Roberta Miranda estava indo viajar quando soube da not\u00edcia sobre o falecimento da Mar\u00edlia Mendon\u00e7a e entrou em estado de choque. Retornou a S\u00e3o Paulo e precisou ser levada ao hospital, onde foram feitos alguns exames&#8221;,<\/em> afirma a assessoria da cantora.<\/p>\n\n\n\n<p class=\"wp-block-paragraph\">As duas gravaram a can\u00e7\u00e3o &#8220;Os tempos mudaram&#8221;, em 2017, como parte do DVD comemorativo de seus 30 anos de carreira.<\/p>\n\n\n\n<h2 class=\"wp-block-heading\">Morte de Mar\u00edlia Mendon\u00e7a<\/h2>\n\n\n\n<p class=\"wp-block-paragraph\"> A cantora Mar\u00edlia Mendon\u00e7a morreu nesta sexta-feira (05), ap\u00f3s uma queda de uma avi\u00e3o de pequeno porte pr\u00f3ximo ao Aeroporto de Ubaporanga, em Minas Gerais.  Todos os ocupantes da aeronave morreram no acidente. A informa\u00e7\u00e3o foi confirmada pelo Corpo de Bombeiros por meio de nota. <\/p>\n\n\n\n<p class=\"wp-block-paragraph\"> <em>\u201cO Corpo de Bombeiros Militar de Minas Gerais informa que nesta sexta (5), ocorreu a queda de uma aeronave de pequeno porte, modelo Beech Aircraft, na zona rural de Piedade de Caratinga. O CBMMG confirma que a aeronave transportava a cantora Mar\u00edlia Mendon\u00e7a e que ela est\u00e1 entre as v\u00edtimas fatais\u201d<\/em>, diz o comunicado. <\/p>","protected":false},"excerpt":{"rendered":"<p>A cantora Roberta Miranda foi internada no hospital Albert Einstein, em S\u00e3o Paulo, ap\u00f3s receber a not\u00edcia sobre o falecimento de Mar\u00edlia Mendon\u00e7a, nesta sexta-feira (5). Segundo sua assessoria de imprensa, Roberta teve um problema de press\u00e3o alta, mas est\u00e1 bem, j\u00e1 recebeu alta e est\u00e1 a caminho de casa. &#8220;A cantora Roberta Miranda estava [&hellip;]<\/p>\n","protected":false},"author":2,"featured_media":96854,"comment_status":"closed","ping_status":"open","sticky":false,"template":"","format":"standard","meta":{"footnotes":""},"categories":[173],"tags":[2217,750],"class_list":["post-96849","post","type-post","status-publish","format-standard","has-post-thumbnail","hentry","category-celebridades","tag-marilia-mendonca","tag-roberta-miranda"],"_links":{"self":[{"href":"https:\/\/portalpopmais.com.br\/en\/wp-json\/wp\/v2\/posts\/96849","targetHints":{"allow":["GET"]}}],"collection":[{"href":"https:\/\/portalpopmais.com.br\/en\/wp-json\/wp\/v2\/posts"}],"about":[{"href":"https:\/\/portalpopmais.com.br\/en\/wp-json\/wp\/v2\/types\/post"}],"author":[{"embeddable":true,"href":"https:\/\/portalpopmais.com.br\/en\/wp-json\/wp\/v2\/users\/2"}],"replies":[{"embeddable":true,"href":"https:\/\/portalpopmais.com.br\/en\/wp-json\/wp\/v2\/comments?post=96849"}],"version-history":[{"count":0,"href":"https:\/\/portalpopmais.com.br\/en\/wp-json\/wp\/v2\/posts\/96849\/revisions"}],"wp:featuredmedia":[{"embeddable":true,"href":"https:\/\/portalpopmais.com.br\/en\/wp-json\/wp\/v2\/media\/96854"}],"wp:attachment":[{"href":"https:\/\/portalpopmais.com.br\/en\/wp-json\/wp\/v2\/media?parent=96849"}],"wp:term":[{"taxonomy":"category","embeddable":true,"href":"https:\/\/portalpopmais.com.br\/en\/wp-json\/wp\/v2\/categories?post=96849"},{"taxonomy":"post_tag","embeddable":true,"href":"https:\/\/portalpopmais.com.br\/en\/wp-json\/wp\/v2\/tags?post=96849"}],"curies":[{"name":"wp","href":"https:\/\/api.w.org\/{rel}","templated":true}]}}