{"id":97005,"date":"2021-11-08T12:43:30","date_gmt":"2021-11-08T15:43:30","guid":{"rendered":"https:\/\/portalpopmais.com.br\/?p=97005"},"modified":"2021-11-08T12:43:34","modified_gmt":"2021-11-08T15:43:34","slug":"imperio-pior-ultimo-capitulo-em-52-anos","status":"publish","type":"post","link":"https:\/\/portalpopmais.com.br\/en\/imperio-pior-ultimo-capitulo-em-52-anos\/","title":{"rendered":"Fracasso! &#8220;Imp\u00e9rio&#8221; tem \u00faltimo cap\u00edtulo menos visto dos \u00faltimos 52 anos"},"content":{"rendered":"<p>O \u00faltimo cap\u00edtulo de <a href=\"http:\/\/gshow.com\" target=\"_blank\" rel=\"noreferrer noopener\">&#8220;Imp\u00e9rio&#8221;<\/a>, exibido na sexta-feira (5), se tornou o pior encerramento de uma novela da Globo nos \u00faltimos 52 anos,  com m\u00e9dia de 33,0 pontos na Grande S\u00e3o Paulo. <\/p>\n\n\n\n<p>O resultado, no entanto, n\u00e3o chega a ser uma surpresa,j\u00e1 que o folhetim n\u00e3o conseguiu emplacar na audi\u00eancia durante os meses em que esteve no ar. A novela encerrou sua trajet\u00f3ria com m\u00e9dia acumulada de 27,4 pontos na principal cidade do pa\u00eds e foi o produto menos assistido da faixa hor\u00e1ria nos \u00faltimos seis anos, quando &#8220;Babil\u00f4nia&#8221; acumulou 25,5 de m\u00e9dia. <\/p>\n\n\n<ul class=\"wp-block-latest-posts__list is-grid columns-3 wp-block-latest-posts\"><li><div class=\"wp-block-latest-posts__featured-image aligncenter\"><a href=\"https:\/\/portalpopmais.com.br\/en\/casa-do-patrao-exibe-participante-urinando-e-video-viraliza-veja\/\" aria-label=\"\u201cCasa do Patr\u00e3o\u201d exibe participante urinando e v\u00eddeo viraliza; veja\"><img loading=\"lazy\" decoding=\"async\" width=\"768\" height=\"456\" src=\"https:\/\/portalpopmais.com.br\/wp-content\/uploads\/2026\/05\/casa-do-patrao-768x456.png\" class=\"attachment-medium size-medium wp-post-image\" alt=\"casa do patrao\" style=\"\" srcset=\"https:\/\/portalpopmais.com.br\/wp-content\/uploads\/2026\/05\/casa-do-patrao-768x456.png 768w, https:\/\/portalpopmais.com.br\/wp-content\/uploads\/2026\/05\/casa-do-patrao-18x12.png 18w\" sizes=\"auto, (max-width: 768px) 100vw, 768px\" title=\"\"><\/a><\/div><a class=\"wp-block-latest-posts__post-title\" href=\"https:\/\/portalpopmais.com.br\/en\/casa-do-patrao-exibe-participante-urinando-e-video-viraliza-veja\/\">\u201cCasa do Patr\u00e3o\u201d exibe participante urinando e v\u00eddeo viraliza; veja<\/a><\/li>\n<li><div class=\"wp-block-latest-posts__featured-image aligncenter\"><a href=\"https:\/\/portalpopmais.com.br\/en\/jonas-sulzbach-acusa-edicao-do-bbb-de-ser-tendenciosa\/\" aria-label=\"Jonas Sulzbach acusa edi\u00e7\u00e3o do BBB de ser tendenciosa\"><img loading=\"lazy\" decoding=\"async\" width=\"768\" height=\"450\" src=\"https:\/\/portalpopmais.com.br\/wp-content\/uploads\/2026\/03\/jonas-eliminado-bbb-26-768x450.jpg\" class=\"attachment-medium size-medium wp-post-image\" alt=\"jonas eliminado bbb 26\" style=\"\" srcset=\"https:\/\/portalpopmais.com.br\/wp-content\/uploads\/2026\/03\/jonas-eliminado-bbb-26-768x450.jpg 768w, https:\/\/portalpopmais.com.br\/wp-content\/uploads\/2026\/03\/jonas-eliminado-bbb-26-18x10.jpg 18w\" sizes=\"auto, (max-width: 768px) 100vw, 768px\" title=\"\"><\/a><\/div><a class=\"wp-block-latest-posts__post-title\" href=\"https:\/\/portalpopmais.com.br\/en\/jonas-sulzbach-acusa-edicao-do-bbb-de-ser-tendenciosa\/\">Jonas Sulzbach acusa edi\u00e7\u00e3o do BBB de ser tendenciosa<\/a><\/li>\n<li><div class=\"wp-block-latest-posts__featured-image aligncenter\"><a href=\"https:\/\/portalpopmais.com.br\/en\/samira-quebra-o-silencio-sobre-o-fim-da-amizade-com-juliano-floss\/\" aria-label=\"Samira quebra o sil\u00eancio sobre o fim da amizade com Juliano Floss\"><img loading=\"lazy\" decoding=\"async\" width=\"768\" height=\"456\" src=\"https:\/\/portalpopmais.com.br\/wp-content\/uploads\/2026\/04\/samira-fala-fim-amizade-juliano-floss-768x456.png\" class=\"attachment-medium size-medium wp-post-image\" alt=\"samira fala fim amizade juliano floss\" style=\"\" srcset=\"https:\/\/portalpopmais.com.br\/wp-content\/uploads\/2026\/04\/samira-fala-fim-amizade-juliano-floss-768x456.png 768w, https:\/\/portalpopmais.com.br\/wp-content\/uploads\/2026\/04\/samira-fala-fim-amizade-juliano-floss-18x10.png 18w\" sizes=\"auto, (max-width: 768px) 100vw, 768px\" title=\"\"><\/a><\/div><a class=\"wp-block-latest-posts__post-title\" href=\"https:\/\/portalpopmais.com.br\/en\/samira-quebra-o-silencio-sobre-o-fim-da-amizade-com-juliano-floss\/\">Samira quebra o sil\u00eancio sobre o fim da amizade com Juliano Floss<\/a><\/li>\n<\/ul>\n\n\n<p>A Globo n\u00e3o tinha uma performance t\u00e3o baixa em um \u00faltimo cap\u00edtulo de sua principal novela desde 7 de novembro de 1969, quando o desfecho de &#8220;Rosa Rebelde&#8221; marcou m\u00e9dia de 31 pontos \u2014 nessa \u00e9poca, a faixa de novelas das nove nem era transmitida \u00e0s 21h. Levando em considera\u00e7\u00e3o apenas a hist\u00f3ria moderna dos folhetins, os piores \u00edndices de um \u00faltimo cap\u00edtulo eram os 34,2 pontos de &#8220;O S\u00e9timo Guardi\u00e3o&#8221; e os 33,5 de &#8220;Babil\u00f4nia&#8221;.<\/p>\n\n\n\n<p>Vale lembrar que &#8220;<a href=\"https:\/\/portalpopmais.com.br\/en\/audiencia-imperio-jornal-nacional-despencam\/\" target=\"_blank\" data-type=\"post\" data-id=\"84932\" rel=\"noreferrer noopener\">Imp\u00e9rio<\/a>&#8221; estava sendo reprisada por conta da paralisa\u00e7\u00e3o das produ\u00e7\u00f5es in\u00e9ditas, por conta da crise sanit\u00e1ria global. <\/p>","protected":false},"excerpt":{"rendered":"<p>O \u00faltimo cap\u00edtulo de &#8220;Imp\u00e9rio&#8221;, exibido na sexta-feira (5), se tornou o pior encerramento de uma novela da Globo nos \u00faltimos 52 anos, com m\u00e9dia de 33,0 pontos na Grande S\u00e3o Paulo. O resultado, no entanto, n\u00e3o chega a ser uma surpresa,j\u00e1 que o folhetim n\u00e3o conseguiu emplacar na audi\u00eancia durante os meses em que [&hellip;]<\/p>\n","protected":false},"author":2,"featured_media":97006,"comment_status":"closed","ping_status":"open","sticky":false,"template":"","format":"standard","meta":{"footnotes":""},"categories":[181],"tags":[10058,1665],"class_list":["post-97005","post","type-post","status-publish","format-standard","has-post-thumbnail","hentry","category-televisao","tag-imperio-2","tag-tv-globo"],"_links":{"self":[{"href":"https:\/\/portalpopmais.com.br\/en\/wp-json\/wp\/v2\/posts\/97005","targetHints":{"allow":["GET"]}}],"collection":[{"href":"https:\/\/portalpopmais.com.br\/en\/wp-json\/wp\/v2\/posts"}],"about":[{"href":"https:\/\/portalpopmais.com.br\/en\/wp-json\/wp\/v2\/types\/post"}],"author":[{"embeddable":true,"href":"https:\/\/portalpopmais.com.br\/en\/wp-json\/wp\/v2\/users\/2"}],"replies":[{"embeddable":true,"href":"https:\/\/portalpopmais.com.br\/en\/wp-json\/wp\/v2\/comments?post=97005"}],"version-history":[{"count":0,"href":"https:\/\/portalpopmais.com.br\/en\/wp-json\/wp\/v2\/posts\/97005\/revisions"}],"wp:featuredmedia":[{"embeddable":true,"href":"https:\/\/portalpopmais.com.br\/en\/wp-json\/wp\/v2\/media\/97006"}],"wp:attachment":[{"href":"https:\/\/portalpopmais.com.br\/en\/wp-json\/wp\/v2\/media?parent=97005"}],"wp:term":[{"taxonomy":"category","embeddable":true,"href":"https:\/\/portalpopmais.com.br\/en\/wp-json\/wp\/v2\/categories?post=97005"},{"taxonomy":"post_tag","embeddable":true,"href":"https:\/\/portalpopmais.com.br\/en\/wp-json\/wp\/v2\/tags?post=97005"}],"curies":[{"name":"wp","href":"https:\/\/api.w.org\/{rel}","templated":true}]}}