{"id":97042,"date":"2021-11-09T11:31:53","date_gmt":"2021-11-09T14:31:53","guid":{"rendered":"https:\/\/portalpopmais.com.br\/?p=97042"},"modified":"2021-11-09T13:15:50","modified_gmt":"2021-11-09T16:15:50","slug":"mel-maia-desmente-affair-mc-melody","status":"publish","type":"post","link":"https:\/\/portalpopmais.com.br\/en\/mel-maia-desmente-affair-mc-melody\/","title":{"rendered":"Mel Maia desmente Melody: &#8220;nunca sequer vi pessoalmente&#8221;"},"content":{"rendered":"<p class=\"wp-block-paragraph\"><strong><a href=\"https:\/\/www.instagram.com\/melodyoficial3\/\" target=\"_blank\" rel=\"noreferrer noopener\">MC Melody<\/a><\/strong> pegou a todos de surpresa, ao revelar durante entrevista ao &#8220;Pod da Pri&#8221; que j\u00e1 havia se relacionado com a atriz <strong><a href=\"https:\/\/portalpopmais.com.br\/en\/melody-affair-mel-maia\/\" target=\"_blank\" data-type=\"post\" data-id=\"97031\" rel=\"noreferrer noopener\">Mel Maia<\/a><\/strong>. Durante a entrevista, a funkeira foi questionada sobre ficar com meninas, e ela admitiu que sim, dando a entender o suposto affair com Mel Maia:<em> &#8220;Eu sou de boa, inclusive, Mel Maia&#8230; estamos a\u00ed&#8221;<\/em>, disse ela.<\/p>\n\n\n\n<p class=\"wp-block-paragraph\">Ap\u00f3s a repercuss\u00e3o, Mel foi as suas redes sociais desmentir a hist\u00f3ria contada por Melody. <\/p>\n\n\n<ul class=\"wp-block-latest-posts__list is-grid wp-block-latest-posts is-layout-flow wp-block-latest-posts-is-layout-flow\"><li><div class=\"wp-block-latest-posts__featured-image aligncenter\"><a href=\"https:\/\/portalpopmais.com.br\/en\/ricardo-blat-celebra-recuperacao-apos-transplante-de-medula-sou-um-privilegiado\/\" aria-label=\"Ricardo Blat celebra recupera\u00e7\u00e3o ap\u00f3s transplante de medula: &#8220;Sou um privilegiado&#8221;\"><img loading=\"lazy\" decoding=\"async\" width=\"768\" height=\"456\" src=\"https:\/\/portalpopmais.com.br\/wp-content\/uploads\/2026\/09\/1788136858381_242769-768x456.jpg\" class=\"attachment-medium size-medium wp-post-image\" alt=\"\" style=\"\" srcset=\"https:\/\/portalpopmais.com.br\/wp-content\/uploads\/2026\/09\/1788136858381_242769-768x456.jpg 768w, https:\/\/portalpopmais.com.br\/wp-content\/uploads\/2026\/09\/1788136858381_242769-1170x694.jpg 1170w, https:\/\/portalpopmais.com.br\/wp-content\/uploads\/2026\/09\/1788136858381_242769-18x12.jpg 18w\" sizes=\"auto, (max-width: 768px) 100vw, 768px\" title=\"\"><\/a><\/div><a class=\"wp-block-latest-posts__post-title\" href=\"https:\/\/portalpopmais.com.br\/en\/ricardo-blat-celebra-recuperacao-apos-transplante-de-medula-sou-um-privilegiado\/\">Ricardo Blat celebra recupera\u00e7\u00e3o ap\u00f3s transplante de medula: &#8220;Sou um privilegiado&#8221;<\/a><\/li>\n<li><div class=\"wp-block-latest-posts__featured-image aligncenter\"><a href=\"https:\/\/portalpopmais.com.br\/en\/rise-against-rock-in-rio-2026-setlist-show\/\" aria-label=\"Rise Against no Rock in Rio 2026: confira a poss\u00edvel setlist do show\"><img loading=\"lazy\" decoding=\"async\" width=\"768\" height=\"456\" src=\"https:\/\/portalpopmais.com.br\/wp-content\/uploads\/2026\/09\/rise-against-rock-in-rio-2026-setlist-show-768x456.jpg\" class=\"attachment-medium size-medium wp-post-image\" alt=\"rise-against-rock-in-rio-2026-setlist-show\" style=\"\" srcset=\"https:\/\/portalpopmais.com.br\/wp-content\/uploads\/2026\/09\/rise-against-rock-in-rio-2026-setlist-show-768x456.jpg 768w, https:\/\/portalpopmais.com.br\/wp-content\/uploads\/2026\/09\/rise-against-rock-in-rio-2026-setlist-show-1170x694.jpg 1170w, https:\/\/portalpopmais.com.br\/wp-content\/uploads\/2026\/09\/rise-against-rock-in-rio-2026-setlist-show-18x10.jpg 18w\" sizes=\"auto, (max-width: 768px) 100vw, 768px\" title=\"\"><\/a><\/div><a class=\"wp-block-latest-posts__post-title\" href=\"https:\/\/portalpopmais.com.br\/en\/rise-against-rock-in-rio-2026-setlist-show\/\">Rise Against no Rock in Rio 2026: confira a poss\u00edvel setlist do show<\/a><\/li>\n<li><div class=\"wp-block-latest-posts__featured-image aligncenter\"><a href=\"https:\/\/portalpopmais.com.br\/en\/influenciadora-desiste-de-candidatura-ameacas\/\" aria-label=\"V\u00eddeo: Influenciadora desiste de candidatura ap\u00f3s amea\u00e7as contra os filhos\"><img loading=\"lazy\" decoding=\"async\" width=\"768\" height=\"456\" src=\"https:\/\/portalpopmais.com.br\/wp-content\/uploads\/2026\/09\/influenciadora-desiste-candidatura-ameaca-768x456.png\" class=\"attachment-medium size-medium wp-post-image\" alt=\"\" style=\"\" srcset=\"https:\/\/portalpopmais.com.br\/wp-content\/uploads\/2026\/09\/influenciadora-desiste-candidatura-ameaca-768x456.png 768w, https:\/\/portalpopmais.com.br\/wp-content\/uploads\/2026\/09\/influenciadora-desiste-candidatura-ameaca-1170x694.png 1170w, https:\/\/portalpopmais.com.br\/wp-content\/uploads\/2026\/09\/influenciadora-desiste-candidatura-ameaca-18x12.png 18w\" sizes=\"auto, (max-width: 768px) 100vw, 768px\" title=\"\"><\/a><\/div><a class=\"wp-block-latest-posts__post-title\" href=\"https:\/\/portalpopmais.com.br\/en\/influenciadora-desiste-de-candidatura-ameacas\/\">V\u00eddeo: Influenciadora desiste de candidatura ap\u00f3s amea\u00e7as contra os filhos<\/a><\/li>\n<\/ul>\n\n\n<p class=\"wp-block-paragraph\"><em>&#8220;Eu n\u00e3o entendi de onde o povo tirou isso&#8221;,<\/em> come\u00e7a ela. <em>&#8220;Eu e a Melody nunca nos conhecemos pessoalmente&#8221;<\/em>, continuou.<\/p>\n\n\n\n<p class=\"wp-block-paragraph\">A atriz ainda negou qualquer acerto de participa\u00e7\u00e3o em v\u00eddeos de Mc Melody, algo que tamb\u00e9m chegou a ser falado durante a conversa no podcast. <em>&#8220;Nunca foi conversado sobre eu participar de nenhum clipe, vi que rolou uma confirma\u00e7\u00e3o ali&#8221;,<\/em> disse Mel<\/p>\n\n\n\n<p class=\"wp-block-paragraph\"><em>&#8220;Eu a Melody n\u00e3o conversamos, a gente tem o whatsapp uma da outra, j\u00e1 nos falamos uma vez ou outra. Eu vi que s\u00f3 tinha mensagem dela, e que a deixei no v\u00e1cuo, mas n\u00e3o foi de prop\u00f3sito&#8221;,<\/em> seguiu a atriz.<\/p>\n\n\n\n<p class=\"wp-block-paragraph\"><\/p>","protected":false},"excerpt":{"rendered":"<p>MC Melody pegou a todos de surpresa, ao revelar durante entrevista ao &#8220;Pod da Pri&#8221; que j\u00e1 havia se relacionado com a atriz Mel Maia. Durante a entrevista, a funkeira foi questionada sobre ficar com meninas, e ela admitiu que sim, dando a entender o suposto affair com Mel Maia: &#8220;Eu sou de boa, inclusive, [&hellip;]<\/p>\n","protected":false},"author":2,"featured_media":97043,"comment_status":"closed","ping_status":"open","sticky":false,"template":"","format":"standard","meta":{"footnotes":""},"categories":[173],"tags":[6297,10060],"class_list":["post-97042","post","type-post","status-publish","format-standard","has-post-thumbnail","hentry","category-celebridades","tag-mc-melody","tag-mel-maia"],"_links":{"self":[{"href":"https:\/\/portalpopmais.com.br\/en\/wp-json\/wp\/v2\/posts\/97042","targetHints":{"allow":["GET"]}}],"collection":[{"href":"https:\/\/portalpopmais.com.br\/en\/wp-json\/wp\/v2\/posts"}],"about":[{"href":"https:\/\/portalpopmais.com.br\/en\/wp-json\/wp\/v2\/types\/post"}],"author":[{"embeddable":true,"href":"https:\/\/portalpopmais.com.br\/en\/wp-json\/wp\/v2\/users\/2"}],"replies":[{"embeddable":true,"href":"https:\/\/portalpopmais.com.br\/en\/wp-json\/wp\/v2\/comments?post=97042"}],"version-history":[{"count":0,"href":"https:\/\/portalpopmais.com.br\/en\/wp-json\/wp\/v2\/posts\/97042\/revisions"}],"wp:featuredmedia":[{"embeddable":true,"href":"https:\/\/portalpopmais.com.br\/en\/wp-json\/wp\/v2\/media\/97043"}],"wp:attachment":[{"href":"https:\/\/portalpopmais.com.br\/en\/wp-json\/wp\/v2\/media?parent=97042"}],"wp:term":[{"taxonomy":"category","embeddable":true,"href":"https:\/\/portalpopmais.com.br\/en\/wp-json\/wp\/v2\/categories?post=97042"},{"taxonomy":"post_tag","embeddable":true,"href":"https:\/\/portalpopmais.com.br\/en\/wp-json\/wp\/v2\/tags?post=97042"}],"curies":[{"name":"wp","href":"https:\/\/api.w.org\/{rel}","templated":true}]}}