{"id":97540,"date":"2021-11-15T10:44:36","date_gmt":"2021-11-15T13:44:36","guid":{"rendered":"https:\/\/portalpopmais.com.br\/?p=97540"},"modified":"2021-11-15T10:44:40","modified_gmt":"2021-11-15T13:44:40","slug":"dayane-mello-salvar-imagem-racismo","status":"publish","type":"post","link":"https:\/\/portalpopmais.com.br\/en\/dayane-mello-salvar-imagem-racismo\/","title":{"rendered":"A Fazenda: Dayane tenta salvar sua imagem ap\u00f3s ser acusada de racismo"},"content":{"rendered":"<p class=\"wp-block-paragraph\"><strong><a href=\"https:\/\/portalpopmais.com.br\/en\/rico-melquiades-acusa-dayane-racismo\/\" target=\"_blank\" data-type=\"post\" data-id=\"97498\" rel=\"noreferrer noopener\">Dayane Mello<\/a><\/strong> tem feito um enorme esfor\u00e7o para limpar a sua imagem e convencer os aliados em <a href=\"http:\/\/r7.com\" target=\"_blank\" rel=\"noreferrer noopener\">A Fazenda 13<\/a> de que n\u00e3o \u00e9 uma pessoa racista. Neste domingo (14), ela tentou convencer Valentina Francavilla de que seu discurso sobre as vantagens profissionais de ter uma pele branca n\u00e3o era uma demonstra\u00e7\u00e3o de preconceito.<\/p>\n\n\n\n<p class=\"wp-block-paragraph\">Em setembro, a modelo chegou a afirmar que n\u00e3o poderia pegar Sol para n\u00e3o ficar com a pele escura, pois isso n\u00e3o seria legal para tirar fotos. Segundo ela, a pele clara \u00e9 mais elegante.<\/p>\n\n\n\n<p class=\"wp-block-paragraph\">Hoje, ela estava na sala da sede com Valentina e come\u00e7ou a explicar como funciona o casting para cat\u00e1logos de moda na Europa, e disse que ela nem pode fazer bronzeamento artificial para poder se encaixar dentro do mercado de trabalho.<\/p>\n\n\n\n<p class=\"wp-block-paragraph\">Assista:<\/p>\n\n\n\n<figure class=\"wp-block-embed is-type-rich is-provider-twitter wp-block-embed-twitter\"><div class=\"wp-block-embed__wrapper\">\n<blockquote class=\"twitter-tweet\" data-width=\"550\" data-dnt=\"true\"><p lang=\"pt\" dir=\"ltr\">Dayane explica para Valentina sobre as falas que ela fez sobre peles morenas. <a href=\"https:\/\/twitter.com\/hashtag\/AFazenda?src=hash&amp;ref_src=twsrc%5Etfw\" target=\"_blank\" rel=\"noopener\">#AFazenda<\/a> <a href=\"https:\/\/t.co\/zb16BG73G1\">pic.twitter.com\/zb16BG73G1<\/a><\/p>&mdash; Central A Fazenda (@CentralReaIity) <a href=\"https:\/\/twitter.com\/CentralReaIity\/status\/1460022227181752326?ref_src=twsrc%5Etfw\" target=\"_blank\" rel=\"noopener\">November 14, 2021<\/a><\/blockquote><script async src=\"https:\/\/platform.twitter.com\/widgets.js\" charset=\"utf-8\"><\/script>\n<\/div><\/figure>","protected":false},"excerpt":{"rendered":"<p>Dayane Mello tem feito um enorme esfor\u00e7o para limpar a sua imagem e convencer os aliados em A Fazenda 13 de que n\u00e3o \u00e9 uma pessoa racista. Neste domingo (14), ela tentou convencer Valentina Francavilla de que seu discurso sobre as vantagens profissionais de ter uma pele branca n\u00e3o era uma demonstra\u00e7\u00e3o de preconceito. Em [&hellip;]<\/p>\n","protected":false},"author":2,"featured_media":97541,"comment_status":"closed","ping_status":"open","sticky":false,"template":"","format":"standard","meta":{"footnotes":""},"categories":[8605],"tags":[8906,9210],"class_list":["post-97540","post","type-post","status-publish","format-standard","has-post-thumbnail","hentry","category-realities","tag-a-fazenda-13","tag-dayane-mello"],"_links":{"self":[{"href":"https:\/\/portalpopmais.com.br\/en\/wp-json\/wp\/v2\/posts\/97540","targetHints":{"allow":["GET"]}}],"collection":[{"href":"https:\/\/portalpopmais.com.br\/en\/wp-json\/wp\/v2\/posts"}],"about":[{"href":"https:\/\/portalpopmais.com.br\/en\/wp-json\/wp\/v2\/types\/post"}],"author":[{"embeddable":true,"href":"https:\/\/portalpopmais.com.br\/en\/wp-json\/wp\/v2\/users\/2"}],"replies":[{"embeddable":true,"href":"https:\/\/portalpopmais.com.br\/en\/wp-json\/wp\/v2\/comments?post=97540"}],"version-history":[{"count":0,"href":"https:\/\/portalpopmais.com.br\/en\/wp-json\/wp\/v2\/posts\/97540\/revisions"}],"wp:featuredmedia":[{"embeddable":true,"href":"https:\/\/portalpopmais.com.br\/en\/wp-json\/wp\/v2\/media\/97541"}],"wp:attachment":[{"href":"https:\/\/portalpopmais.com.br\/en\/wp-json\/wp\/v2\/media?parent=97540"}],"wp:term":[{"taxonomy":"category","embeddable":true,"href":"https:\/\/portalpopmais.com.br\/en\/wp-json\/wp\/v2\/categories?post=97540"},{"taxonomy":"post_tag","embeddable":true,"href":"https:\/\/portalpopmais.com.br\/en\/wp-json\/wp\/v2\/tags?post=97540"}],"curies":[{"name":"wp","href":"https:\/\/api.w.org\/{rel}","templated":true}]}}