{"id":97567,"date":"2021-11-15T20:12:49","date_gmt":"2021-11-15T23:12:49","guid":{"rendered":"https:\/\/portalpopmais.com.br\/?p=97567"},"modified":"2021-11-15T20:15:47","modified_gmt":"2021-11-15T23:15:47","slug":"a-fazenda-dayane-surta-e-rasga-roupas-de-rico","status":"publish","type":"post","link":"https:\/\/portalpopmais.com.br\/en\/a-fazenda-dayane-surta-e-rasga-roupas-de-rico\/","title":{"rendered":"A Fazenda: Dayane surta e rasga roupa de Rico; assista"},"content":{"rendered":"<p class=\"wp-block-paragraph\">A rivalidade entre <strong><a href=\"https:\/\/portalpopmais.com.br\/en\/rico-melquiades-acusa-dayane-racismo\/\" data-type=\"post\" data-id=\"97498\" target=\"_blank\" rel=\"noreferrer noopener\">Rico Melqu\u00edades<\/a><\/strong> e Dayane Mello em <a href=\"http:\/\/r7.com\" target=\"_blank\" rel=\"noreferrer noopener\">&#8220;A Fazenda 13&#8221;<\/a> segue tensa! Ap\u00f3s o ex-De F\u00e9rias encurralar a vice-campe\u00e3 do Big Brother It\u00e1lia e expor falas preconceituosas ditas por ela ao longo do confinamento, a modelo decidiu revidar.<\/p>\n\n\n\n<p class=\"wp-block-paragraph\">Na tarde desta segunda-feira (15\/11), enquanto a maioria das celebridades estavam no quarto, Dayane decidiu pegar uma faca das m\u00e3os de Valentina e cortar um dos casacos preferidos de Rico. No v\u00eddeo, que viralizou e ficou entre os assuntos mais comentados do Twitter, a ex-assistente de palco do Ratinho tenta controlar a aliada. <em>\u201cDayane, pode parar! Pode parar!\u201d,<\/em> repetiu. <em>\u201cNingu\u00e9m viu\u201d, <\/em>respondeu a modelo sorrindo.<\/p>\n\n\n\n<p class=\"wp-block-paragraph\">Nas redes sociais, as opini\u00f5es se dividiram.<em> \u201cDepois leva um rajad\u00e3o e fica se fazendo de coitada\u201d<\/em>, comentou um f\u00e3 de Rico Melqu\u00edades.<em> \u201cNo lugar dela, eu rasgaria tudo. Ela j\u00e1 aguentou demais\u201d, <\/em>defendeu uma torcedora de Dayane Mello. Alguns internautas lembraram que, quando estava no reality da MTV, o pe\u00e3o tamb\u00e9m rasgou biqu\u00ednis de umas das participantes.<\/p>\n\n\n\n<figure class=\"wp-block-embed is-type-rich is-provider-twitter wp-block-embed-twitter\"><div class=\"wp-block-embed__wrapper\">\n<blockquote class=\"twitter-tweet\" data-width=\"550\" data-dnt=\"true\"><p lang=\"pt\" dir=\"ltr\">Dayane rasgando o casaco do Rico <a href=\"https:\/\/twitter.com\/hashtag\/AFazenda?src=hash&amp;ref_src=twsrc%5Etfw\" target=\"_blank\" rel=\"noopener\">#AFazenda<\/a> <a href=\"https:\/\/t.co\/lN9sQ9gGml\">pic.twitter.com\/lN9sQ9gGml<\/a><\/p>&mdash; Vai Desmaiar (@vaidesmaiar) <a href=\"https:\/\/twitter.com\/vaidesmaiar\/status\/1460351865045106697?ref_src=twsrc%5Etfw\" target=\"_blank\" rel=\"noopener\">November 15, 2021<\/a><\/blockquote><script async src=\"https:\/\/platform.twitter.com\/widgets.js\" charset=\"utf-8\"><\/script>\n<\/div><\/figure>","protected":false},"excerpt":{"rendered":"<p>A rivalidade entre Rico Melqu\u00edades e Dayane Mello em &#8220;A Fazenda 13&#8221; segue tensa! Ap\u00f3s o ex-De F\u00e9rias encurralar a vice-campe\u00e3 do Big Brother It\u00e1lia e expor falas preconceituosas ditas por ela ao longo do confinamento, a modelo decidiu revidar. Na tarde desta segunda-feira (15\/11), enquanto a maioria das celebridades estavam no quarto, Dayane decidiu [&hellip;]<\/p>\n","protected":false},"author":2,"featured_media":97568,"comment_status":"closed","ping_status":"open","sticky":false,"template":"","format":"standard","meta":{"footnotes":""},"categories":[8605],"tags":[8906,9210,10055],"class_list":["post-97567","post","type-post","status-publish","format-standard","has-post-thumbnail","hentry","category-realities","tag-a-fazenda-13","tag-dayane-mello","tag-rico-melquiades-2"],"_links":{"self":[{"href":"https:\/\/portalpopmais.com.br\/en\/wp-json\/wp\/v2\/posts\/97567","targetHints":{"allow":["GET"]}}],"collection":[{"href":"https:\/\/portalpopmais.com.br\/en\/wp-json\/wp\/v2\/posts"}],"about":[{"href":"https:\/\/portalpopmais.com.br\/en\/wp-json\/wp\/v2\/types\/post"}],"author":[{"embeddable":true,"href":"https:\/\/portalpopmais.com.br\/en\/wp-json\/wp\/v2\/users\/2"}],"replies":[{"embeddable":true,"href":"https:\/\/portalpopmais.com.br\/en\/wp-json\/wp\/v2\/comments?post=97567"}],"version-history":[{"count":0,"href":"https:\/\/portalpopmais.com.br\/en\/wp-json\/wp\/v2\/posts\/97567\/revisions"}],"wp:featuredmedia":[{"embeddable":true,"href":"https:\/\/portalpopmais.com.br\/en\/wp-json\/wp\/v2\/media\/97568"}],"wp:attachment":[{"href":"https:\/\/portalpopmais.com.br\/en\/wp-json\/wp\/v2\/media?parent=97567"}],"wp:term":[{"taxonomy":"category","embeddable":true,"href":"https:\/\/portalpopmais.com.br\/en\/wp-json\/wp\/v2\/categories?post=97567"},{"taxonomy":"post_tag","embeddable":true,"href":"https:\/\/portalpopmais.com.br\/en\/wp-json\/wp\/v2\/tags?post=97567"}],"curies":[{"name":"wp","href":"https:\/\/api.w.org\/{rel}","templated":true}]}}