{"id":97636,"date":"2021-11-17T00:31:28","date_gmt":"2021-11-17T03:31:28","guid":{"rendered":"https:\/\/portalpopmais.com.br\/?p=97636"},"modified":"2021-11-17T00:36:41","modified_gmt":"2021-11-17T03:36:41","slug":"a-fazenda-bate-novela-das-21h-da-globo","status":"publish","type":"post","link":"https:\/\/portalpopmais.com.br\/en\/a-fazenda-bate-novela-das-21h-da-globo\/","title":{"rendered":"&#8220;A Fazenda&#8221;: Record faz hist\u00f3ria e bate novela das 21h da Globo"},"content":{"rendered":"<p class=\"wp-block-paragraph\">Em meio a pol\u00eamica envolvendo <a href=\"https:\/\/portalpopmais.com.br\/en\/a-fazenda-dayane-surta-e-rasga-roupas-de-rico\/\" data-type=\"post\" data-id=\"97567\" target=\"_blank\" rel=\"noreferrer noopener\">Dayane e Rico<\/a>, em <a href=\"http:\/\/r7.com\" target=\"_blank\" rel=\"noreferrer noopener\">&#8220;A Fazenda 13&#8221;<\/a>, quem se beneficiou do barraco foi a Record TV. A edi\u00e7\u00e3o do reality exibida nesta ter\u00e7a-feira (16) entrou para a hist\u00f3ria.<\/p>\n\n\n\n<p class=\"wp-block-paragraph\">Pela primeira vez, uma novela das 21h da TV Globo perdeu para o programa rural. Os dados pr\u00e9vios mostram que, apesar de pequena, a Record TV liderou durante parte do confronto direto com o folhetim, que hoje come\u00e7ou mais tarde por conta da partida entre Brasil e Argentina.<\/p>\n\n\n\n<p class=\"wp-block-paragraph\">Segundo o TV Pop, entre 22h32 e 23h47, &#8220;Um Lugar Ao Sol&#8221; marcou 15,2 pontos, de acordo com dados pr\u00e9vios do IBOPE. &#8220;A Fazenda&#8221; come\u00e7ou \u00e0s 22h50, encostando na novela de L\u00edcia Manzo.<\/p>\n\n\n\n<p class=\"wp-block-paragraph\">\u00c0s 23h35, o folhetim aparecia em segundo lugar com apenas 12,6 pontos na Grande S\u00e3o Paulo, enquanto o programa da Record TV liderava a medi\u00e7\u00e3o no principal mercado do pa\u00eds com 12,7 pontos. O cen\u00e1rio se manteve at\u00e9 o fim do cap\u00edtulo, \u00e0s 23h48, quando entrou no ar &#8220;Verdades Secretas&#8221;, que tamb\u00e9m perdia para a atra\u00e7\u00e3o da emissora do Bispo Macedo.<\/p>\n\n\n\n<figure class=\"wp-block-embed is-type-rich is-provider-twitter wp-block-embed-twitter\"><div class=\"wp-block-embed__wrapper\">\n<blockquote class=\"twitter-tweet\" data-width=\"550\" data-dnt=\"true\"><p lang=\"pt\" dir=\"ltr\">23h36<a href=\"https:\/\/twitter.com\/hashtag\/Ro%C3%A7aAFazenda?src=hash&amp;ref_src=twsrc%5Etfw\" target=\"_blank\" rel=\"noopener\">#Ro\u00e7aAFazenda<\/a> <a href=\"https:\/\/twitter.com\/GalisteuOficial?ref_src=twsrc%5Etfw\" target=\"_blank\" rel=\"noopener\">@GalisteuOficial<\/a> 12.7<a href=\"https:\/\/twitter.com\/hashtag\/UmLugarAoSol?src=hash&amp;ref_src=twsrc%5Etfw\" target=\"_blank\" rel=\"noopener\">#UmLugarAoSol<\/a> 12.6<br>Soma dos canais pagos 5.9<a href=\"https:\/\/twitter.com\/hashtag\/CineEspetacular?src=hash&amp;ref_src=twsrc%5Etfw\" target=\"_blank\" rel=\"noopener\">#CineEspetacular<\/a> 4.4<a href=\"https:\/\/twitter.com\/hashtag\/MasterChefBR?src=hash&amp;ref_src=twsrc%5Etfw\" target=\"_blank\" rel=\"noopener\">#MasterChefBR<\/a> 1.7<a href=\"https:\/\/twitter.com\/hashtag\/CineTVBrasil?src=hash&amp;ref_src=twsrc%5Etfw\" target=\"_blank\" rel=\"noopener\">#CineTVBrasil<\/a> 0.3<\/p>&mdash; Ricardo S (@RickSouza) <a href=\"https:\/\/twitter.com\/RickSouza\/status\/1460800453252423680?ref_src=twsrc%5Etfw\" target=\"_blank\" rel=\"noopener\">November 17, 2021<\/a><\/blockquote><script async src=\"https:\/\/platform.twitter.com\/widgets.js\" charset=\"utf-8\"><\/script>\n<\/div><\/figure>","protected":false},"excerpt":{"rendered":"<p>Em meio a pol\u00eamica envolvendo Dayane e Rico, em &#8220;A Fazenda 13&#8221;, quem se beneficiou do barraco foi a Record TV. A edi\u00e7\u00e3o do reality exibida nesta ter\u00e7a-feira (16) entrou para a hist\u00f3ria. Pela primeira vez, uma novela das 21h da TV Globo perdeu para o programa rural. Os dados pr\u00e9vios mostram que, apesar de [&hellip;]<\/p>\n","protected":false},"author":1,"featured_media":90822,"comment_status":"closed","ping_status":"open","sticky":false,"template":"","format":"standard","meta":{"footnotes":""},"categories":[181,8605],"tags":[8906,496],"class_list":["post-97636","post","type-post","status-publish","format-standard","has-post-thumbnail","hentry","category-televisao","category-realities","tag-a-fazenda-13","tag-record-tv"],"_links":{"self":[{"href":"https:\/\/portalpopmais.com.br\/en\/wp-json\/wp\/v2\/posts\/97636","targetHints":{"allow":["GET"]}}],"collection":[{"href":"https:\/\/portalpopmais.com.br\/en\/wp-json\/wp\/v2\/posts"}],"about":[{"href":"https:\/\/portalpopmais.com.br\/en\/wp-json\/wp\/v2\/types\/post"}],"author":[{"embeddable":true,"href":"https:\/\/portalpopmais.com.br\/en\/wp-json\/wp\/v2\/users\/1"}],"replies":[{"embeddable":true,"href":"https:\/\/portalpopmais.com.br\/en\/wp-json\/wp\/v2\/comments?post=97636"}],"version-history":[{"count":0,"href":"https:\/\/portalpopmais.com.br\/en\/wp-json\/wp\/v2\/posts\/97636\/revisions"}],"wp:featuredmedia":[{"embeddable":true,"href":"https:\/\/portalpopmais.com.br\/en\/wp-json\/wp\/v2\/media\/90822"}],"wp:attachment":[{"href":"https:\/\/portalpopmais.com.br\/en\/wp-json\/wp\/v2\/media?parent=97636"}],"wp:term":[{"taxonomy":"category","embeddable":true,"href":"https:\/\/portalpopmais.com.br\/en\/wp-json\/wp\/v2\/categories?post=97636"},{"taxonomy":"post_tag","embeddable":true,"href":"https:\/\/portalpopmais.com.br\/en\/wp-json\/wp\/v2\/tags?post=97636"}],"curies":[{"name":"wp","href":"https:\/\/api.w.org\/{rel}","templated":true}]}}