{"id":97794,"date":"2021-11-19T00:25:39","date_gmt":"2021-11-19T03:25:39","guid":{"rendered":"https:\/\/portalpopmais.com.br\/?p=97794"},"modified":"2021-11-19T00:25:43","modified_gmt":"2021-11-19T03:25:43","slug":"valentina-eliminada-a-fazenda-13","status":"publish","type":"post","link":"https:\/\/portalpopmais.com.br\/en\/valentina-eliminada-a-fazenda-13\/","title":{"rendered":"Valentina Francavilla \u00e9 eliminada de &#8220;A Fazenda 13&#8221;"},"content":{"rendered":"<p class=\"wp-block-paragraph\">Fim de jogo para <a href=\"http:\/\/r7.com\" target=\"_blank\" rel=\"noreferrer noopener\"> <strong><a href=\"https:\/\/portalpopmais.com.br\/en\/dayane-mello-e-valentina-francavilla-confirmadas-a-fazenda-13\/\" target=\"_blank\" data-type=\"post\" data-id=\"91773\" rel=\"noreferrer noopener\">Valentina Francavilla<\/a><\/strong><\/a>&#8220;! A peoa foi eliminada de <a href=\"http:\/\/r7.com\" target=\"_blank\" rel=\"noreferrer noopener\">&#8220;A Fazenda 13&#8221;<\/a> nesta quinta-feira (18), com 15,38% dos votos. A atriz perdeu a disputa contra Aline Mineiro e Solange Gomes pela prefer\u00eancia do p\u00fablico.<\/p>\n\n\n\n<figure class=\"wp-block-embed is-type-rich is-provider-twitter wp-block-embed-twitter\"><div class=\"wp-block-embed__wrapper\">\n<blockquote class=\"twitter-tweet\" data-width=\"550\" data-dnt=\"true\"><p lang=\"pt\" dir=\"ltr\">Fim de jogo para a <a href=\"https:\/\/twitter.com\/valentina_real?ref_src=twsrc%5Etfw\" target=\"_blank\" rel=\"noopener\">@valentina_real<\/a>! \ud83d\udca3\ud83d\udca5<br><br>A peoa \u00e9 a nona eliminada de <a href=\"https:\/\/twitter.com\/hashtag\/AFazenda?src=hash&amp;ref_src=twsrc%5Etfw\" target=\"_blank\" rel=\"noopener\">#AFazenda<\/a> e, j\u00e1 j\u00e1, estar\u00e1 na <a href=\"https:\/\/twitter.com\/hashtag\/CabineDeDescompress%C3%A3o?src=hash&amp;ref_src=twsrc%5Etfw\" target=\"_blank\" rel=\"noopener\">#CabineDeDescompress\u00e3o<\/a>, conte\u00fado exclusivo do <a href=\"https:\/\/twitter.com\/SigaPlayPlus?ref_src=twsrc%5Etfw\" target=\"_blank\" rel=\"noopener\">@sigaplayplus<\/a>, com <a href=\"https:\/\/twitter.com\/LisboaLidi?ref_src=twsrc%5Etfw\" target=\"_blank\" rel=\"noopener\">@LisboaLidi<\/a> e <a href=\"https:\/\/twitter.com\/lucasmaciel?ref_src=twsrc%5Etfw\" target=\"_blank\" rel=\"noopener\">@lucasmaciel<\/a>. \ud83d\udc4f\ud83e\udd20<br><br>\ud83d\udc49 Confira tudo pelo <a href=\"https:\/\/t.co\/sJRe2r7M6I\">https:\/\/t.co\/sJRe2r7M6I<\/a>! <a href=\"https:\/\/t.co\/mclHEBJrq9\">pic.twitter.com\/mclHEBJrq9<\/a><\/p>&mdash; A Fazenda (@afazendarecord) <a href=\"https:\/\/twitter.com\/afazendarecord\/status\/1461532858124840974?ref_src=twsrc%5Etfw\" target=\"_blank\" rel=\"noopener\">November 19, 2021<\/a><\/blockquote><script async src=\"https:\/\/platform.twitter.com\/widgets.js\" charset=\"utf-8\"><\/script>\n<\/div><\/figure>\n\n\n\n<h2 class=\"wp-block-heading\">Trajet\u00f3ria<\/h2>\n\n\n\n<p class=\"wp-block-paragraph\">No in\u00edcio do reality show, Valentina chamou aten\u00e7\u00e3o dos pe\u00f5es por sempre oferecer um ombro amigo. Acolhedora e carinhosa, a eliminada ficou marcada pelos abra\u00e7os e conselhos. Animada, ela decidiu mudar a cor do cabelo e adotou as madeixas cor de rosa.<\/p>\n\n\n\n<p class=\"wp-block-paragraph\">O jeito calmo e tranquilo de Valentina come\u00e7ou a incomodar os pe\u00f5es que a chamaram de saboneteira por diversas vezes na temporada.<\/p>\n\n\n\n<p class=\"wp-block-paragraph\">Cansada de tantos julgamentos, ela decidiu se posicionar mais no jogo e a primeira atitude foi confrontar Aline. A atriz discutiu tamb\u00e9m com Solange e Tiago, mas a confus\u00e3o foi certa quando Rico imunizou Mileide aos votos ao inv\u00e9s de escolh\u00ea-la.<\/p>\n\n\n\n<p class=\"wp-block-paragraph\">Para provar que a vers\u00e3o saboneteira havia ficado no passado, Valentina resolveu mudar a cor do cabelo para azul. Ap\u00f3s discutir com todos os aliados no jogo, a peoa se aproximou ainda mais de Dayane. A dupla se tornou insepar\u00e1vel.<\/p>","protected":false},"excerpt":{"rendered":"<p>Fim de jogo para Valentina Francavilla&#8220;! A peoa foi eliminada de &#8220;A Fazenda 13&#8221; nesta quinta-feira (18), com 15,38% dos votos. A atriz perdeu a disputa contra Aline Mineiro e Solange Gomes pela prefer\u00eancia do p\u00fablico. Trajet\u00f3ria No in\u00edcio do reality show, Valentina chamou aten\u00e7\u00e3o dos pe\u00f5es por sempre oferecer um ombro amigo. Acolhedora e [&hellip;]<\/p>\n","protected":false},"author":2,"featured_media":97795,"comment_status":"closed","ping_status":"open","sticky":false,"template":"","format":"standard","meta":{"footnotes":""},"categories":[8605],"tags":[8906,10103],"class_list":["post-97794","post","type-post","status-publish","format-standard","has-post-thumbnail","hentry","category-realities","tag-a-fazenda-13","tag-valentina-francavilla"],"_links":{"self":[{"href":"https:\/\/portalpopmais.com.br\/en\/wp-json\/wp\/v2\/posts\/97794","targetHints":{"allow":["GET"]}}],"collection":[{"href":"https:\/\/portalpopmais.com.br\/en\/wp-json\/wp\/v2\/posts"}],"about":[{"href":"https:\/\/portalpopmais.com.br\/en\/wp-json\/wp\/v2\/types\/post"}],"author":[{"embeddable":true,"href":"https:\/\/portalpopmais.com.br\/en\/wp-json\/wp\/v2\/users\/2"}],"replies":[{"embeddable":true,"href":"https:\/\/portalpopmais.com.br\/en\/wp-json\/wp\/v2\/comments?post=97794"}],"version-history":[{"count":0,"href":"https:\/\/portalpopmais.com.br\/en\/wp-json\/wp\/v2\/posts\/97794\/revisions"}],"wp:featuredmedia":[{"embeddable":true,"href":"https:\/\/portalpopmais.com.br\/en\/wp-json\/wp\/v2\/media\/97795"}],"wp:attachment":[{"href":"https:\/\/portalpopmais.com.br\/en\/wp-json\/wp\/v2\/media?parent=97794"}],"wp:term":[{"taxonomy":"category","embeddable":true,"href":"https:\/\/portalpopmais.com.br\/en\/wp-json\/wp\/v2\/categories?post=97794"},{"taxonomy":"post_tag","embeddable":true,"href":"https:\/\/portalpopmais.com.br\/en\/wp-json\/wp\/v2\/tags?post=97794"}],"curies":[{"name":"wp","href":"https:\/\/api.w.org\/{rel}","templated":true}]}}