{"id":97922,"date":"2021-11-20T13:16:28","date_gmt":"2021-11-20T16:16:28","guid":{"rendered":"https:\/\/portalpopmais.com.br\/?p=97922"},"modified":"2021-11-20T13:23:56","modified_gmt":"2021-11-20T16:23:56","slug":"flay-sai-defesa-dayane-mello-e-e-detonada","status":"publish","type":"post","link":"https:\/\/portalpopmais.com.br\/en\/flay-sai-defesa-dayane-mello-e-e-detonada\/","title":{"rendered":"A Fazenda: Flay sai em defesa da Dayane Mello e \u00e9 detonada"},"content":{"rendered":"<p class=\"wp-block-paragraph\">Depois de <strong><a href=\"https:\/\/portalpopmais.com.br\/en\/a-fazenda-13-rico-melquiades-descobre-jaqueta-rasgada-por-dayane-mello\/\" data-type=\"post\" data-id=\"97797\" target=\"_blank\" rel=\"noreferrer noopener\">Dayane Mello<\/a><\/strong> rasgar o casaco de Rico Melquiades, em &#8220;A Fazenda 13&#8221;, a cantora <strong><a href=\"http:\/\/instagram.com\/flay\" target=\"_blank\" rel=\"noreferrer noopener\">Flay<\/a><\/strong> usou as redes sociais para defender a modelo. A paraibana se posicionou contra o linchamento virtual, apontando que a modelo n\u00e3o merece tantos ataques na internet. <\/p>\n\n\n\n<p class=\"wp-block-paragraph\">\u201c<em>A Day matou algu\u00e9m l\u00e1 dentro, foi? N\u00e3o t\u00f4 acompanhando o programa, s\u00f3 vejo o que sai na internet e \u00e9 sempre t\u00e3o cruel, t\u00e3o terr\u00edvel ver pessoas atacando assim algu\u00e9m. Era desse jeito comigo, n\u00e3o era? Que podrid\u00e3o, meu Deus! L\u00e1 dentro n\u00e3o vejo nenhum santo, s\u00f3 um atacando o outro\u201d,<\/em> iniciou.<\/p>\n\n\n<ul class=\"wp-block-latest-posts__list is-grid wp-block-latest-posts is-layout-flow wp-block-latest-posts-is-layout-flow\"><li><div class=\"wp-block-latest-posts__featured-image aligncenter\"><a href=\"https:\/\/portalpopmais.com.br\/en\/quem-e-lucas-cardoso-participante-do-rancho-maia-que-viralizou\/\" aria-label=\"Quem \u00e9 Lucas Cardoso, participante do Rancho Maia que viralizou\"><img loading=\"lazy\" decoding=\"async\" width=\"768\" height=\"456\" src=\"https:\/\/portalpopmais.com.br\/wp-content\/uploads\/2026\/08\/lucas-cardoso-768x456.png\" class=\"attachment-medium size-medium wp-post-image\" alt=\"lucas cardoso\" style=\"\" title=\"\"><\/a><\/div><a class=\"wp-block-latest-posts__post-title\" href=\"https:\/\/portalpopmais.com.br\/en\/quem-e-lucas-cardoso-participante-do-rancho-maia-que-viralizou\/\">Quem \u00e9 Lucas Cardoso, participante do Rancho Maia que viralizou<\/a><\/li>\n<li><div class=\"wp-block-latest-posts__featured-image aligncenter\"><a href=\"https:\/\/portalpopmais.com.br\/en\/davi-brito-desiste-luta-rico-melquiades\/\" aria-label=\"Davi Brito vira &#8220;piada&#8221; na web ap\u00f3s desistir de luta contra Rico Melquiades\"><img loading=\"lazy\" decoding=\"async\" width=\"768\" height=\"456\" src=\"https:\/\/portalpopmais.com.br\/wp-content\/uploads\/2026\/08\/Davi-Brito-vira-piada-na-web-apos-desistir-de-luta-contra-Rico-Melquiades-768x456.png\" class=\"attachment-medium size-medium wp-post-image\" alt=\"Davi Brito vira piada na web ap\u00f3s desistir de luta contra Rico Melquiades\" style=\"\" srcset=\"https:\/\/portalpopmais.com.br\/wp-content\/uploads\/2026\/08\/Davi-Brito-vira-piada-na-web-apos-desistir-de-luta-contra-Rico-Melquiades-768x456.png 768w, https:\/\/portalpopmais.com.br\/wp-content\/uploads\/2026\/08\/Davi-Brito-vira-piada-na-web-apos-desistir-de-luta-contra-Rico-Melquiades-1170x694.png 1170w, https:\/\/portalpopmais.com.br\/wp-content\/uploads\/2026\/08\/Davi-Brito-vira-piada-na-web-apos-desistir-de-luta-contra-Rico-Melquiades-18x10.png 18w\" sizes=\"auto, (max-width: 768px) 100vw, 768px\" title=\"\"><\/a><\/div><a class=\"wp-block-latest-posts__post-title\" href=\"https:\/\/portalpopmais.com.br\/en\/davi-brito-desiste-luta-rico-melquiades\/\">Davi Brito vira &#8220;piada&#8221; na web ap\u00f3s desistir de luta contra Rico Melquiades<\/a><\/li>\n<li><div class=\"wp-block-latest-posts__featured-image aligncenter\"><a href=\"https:\/\/portalpopmais.com.br\/en\/personal-carlinhos-maia-observa-machdove-banho\/\" aria-label=\"&#8220;H\u00e9tero&#8221;, personal de Carlinhos Maia \u00e9 flagrado observando banho de MachDove\"><img loading=\"lazy\" decoding=\"async\" width=\"768\" height=\"456\" src=\"https:\/\/portalpopmais.com.br\/wp-content\/uploads\/2026\/08\/personal-carlinhos-maia-observa-machdove-banho-768x456.png\" class=\"attachment-medium size-medium wp-post-image\" alt=\"personal carlinhos maia observa machdove banho\" style=\"\" srcset=\"https:\/\/portalpopmais.com.br\/wp-content\/uploads\/2026\/08\/personal-carlinhos-maia-observa-machdove-banho-768x456.png 768w, https:\/\/portalpopmais.com.br\/wp-content\/uploads\/2026\/08\/personal-carlinhos-maia-observa-machdove-banho-1170x694.png 1170w, https:\/\/portalpopmais.com.br\/wp-content\/uploads\/2026\/08\/personal-carlinhos-maia-observa-machdove-banho-18x10.png 18w\" sizes=\"auto, (max-width: 768px) 100vw, 768px\" title=\"\"><\/a><\/div><a class=\"wp-block-latest-posts__post-title\" href=\"https:\/\/portalpopmais.com.br\/en\/personal-carlinhos-maia-observa-machdove-banho\/\">&#8220;H\u00e9tero&#8221;, personal de Carlinhos Maia \u00e9 flagrado observando banho de MachDove<\/a><\/li>\n<\/ul>\n\n\n<p class=\"wp-block-paragraph\">Na sequ\u00eancia, a cantora que no BBB20 brigou feio com Thelma Assis disse que, a maioria dos participantes de A Fazenda 13 passam do ponto, e que ningu\u00e9m \u00e9 santo dentro do confinamento.<\/p>\n\n\n\n<p class=\"wp-block-paragraph\"><em>\u201cUm ataca e o outro revida. Um vai pra cima, o outro rasga casaco. Um chora, outro grita. Por que s\u00f3 pesa pra um lado sempre? Voc\u00eas est\u00e3o perdendo os escr\u00fapulos e a no\u00e7\u00e3o. Exageram demais, passam dos limites. T\u00e1 rid\u00edculo. Peguem leve. Julguem votando e \u00e9 isso. N\u00e3o precisa de tanto\u201d,<\/em> pontuou.<\/p>\n\n\n\n<p class=\"wp-block-paragraph\">Flay apontou que as pessoas precisam de mais maturidade como telespectadores. Al\u00e9m do mais, a amiga de Mari Gonzalez afirmou que todo mundo quando sai do programa deve evoluir, e reparar nos pr\u00f3prios erros. <em>\u201cTenham mais maturidade pra assistir reality. Voc\u00eas massacram demais! Quando a pessoa sai, reflete os erros, aprende, evolui. N\u00e3o tem nenhum santo. E n\u00e3o t\u00f4 defendendo nenhum lado, at\u00e9 porque n\u00e3o t\u00f4 assistindo. Mas todo reality voc\u00eas julgam como se l\u00e1 dentro fossem assassinos\u201d,<\/em> argumentou.<\/p>\n\n\n\n<p class=\"wp-block-paragraph\">Ao concluir, ela disse ser totalmente contra qualquer tipo de cancelamento. \u201cConcordo com n\u00e3o aceitar certos comportamentos, julgar at\u00e9 aponta-l\u00f3s, porque, afinal, \u00e9 o objetivo do jogo. Mas eu leio cada coisa nojenta e sou contra esse <em>cancelamento h\u00e1 tempos. E mais uma coisinha: eu amo o Rico! Eu n\u00e3o sou das que falam s\u00f3 o que os outros querem ouvir, por isso mesmo me identifico muito com ele, espero que entendam que n\u00e3o \u00e9 sobre Rico nem Day mas sobre como voc\u00eas fazem linchamento\u201d,<\/em> finalizou.<\/p>\n\n\n\n<p class=\"wp-block-paragraph\">No Twitter, os internautas rebaterem os coment\u00e1rios da ex-BBB, com cr\u00edticas ao seu posicionamento.<\/p>\n\n\n\n<figure class=\"wp-block-embed is-type-rich is-provider-twitter wp-block-embed-twitter\"><div class=\"wp-block-embed__wrapper\">\n<blockquote class=\"twitter-tweet\" data-width=\"550\" data-dnt=\"true\"><p lang=\"pt\" dir=\"ltr\">Um ataca e o outro revida, um vai pra cima o outro rasca casaco, um chora outro grita, porque so pesa pra um lado sempre ? Voc\u00eas est\u00e3o perdendo os escr\u00fapulos e a no\u00e7\u00e3o, exageram demais passam dos limites, t\u00e1 rid\u00edculo, peguem leve v\u00e9i, julguem votando e \u00e9 isso n\u00e3o precisa de tanto<\/p>&mdash; FLAY \ud83d\udc99 | Ou\u00e7a C\u00e9u Azul (@flaayoficial) <a href=\"https:\/\/twitter.com\/flaayoficial\/status\/1461735925264916485?ref_src=twsrc%5Etfw\" target=\"_blank\" rel=\"noopener\">November 19, 2021<\/a><\/blockquote><script async src=\"https:\/\/platform.twitter.com\/widgets.js\" charset=\"utf-8\"><\/script>\n<\/div><\/figure>\n\n\n\n<figure class=\"wp-block-embed is-type-rich is-provider-twitter wp-block-embed-twitter\"><div class=\"wp-block-embed__wrapper\">\n<blockquote class=\"twitter-tweet\" data-width=\"550\" data-dnt=\"true\"><p lang=\"pt\" dir=\"ltr\">Flay, c\u00ea realmente t\u00e1 assistindo a fazenda certa? O que t\u00e1 fazendo a Dayane ser atacada tanto assim nem \u00e9 s\u00f3 sobre o casaco, tem outros v\u00e1rios motivos, e bem mais s\u00e9rios! Antes de pedi empatia, veja se a mesma tem pelo pr\u00f3ximo, tanto l\u00e1 dentro como aqui fora!<\/p>&mdash; maria \u2022 (@tuitandomaah) <a href=\"https:\/\/twitter.com\/tuitandomaah\/status\/1461738768713625608?ref_src=twsrc%5Etfw\" target=\"_blank\" rel=\"noopener\">November 19, 2021<\/a><\/blockquote><script async src=\"https:\/\/platform.twitter.com\/widgets.js\" charset=\"utf-8\"><\/script>\n<\/div><\/figure>\n\n\n\n<figure class=\"wp-block-embed is-type-rich is-provider-twitter wp-block-embed-twitter\"><div class=\"wp-block-embed__wrapper\">\n<blockquote class=\"twitter-tweet\" data-width=\"550\" data-dnt=\"true\"><p lang=\"pt\" dir=\"ltr\">Flay, meu amor, se mete nessa n\u00e3o.<br>A mulher teve trocentas falas racistas, gordof\u00f3bicas e at\u00e9 homof\u00f3bicas, falou que brasileiro \u00e9 baixo n\u00edvel e ainda tem uma energia p\u00e9ssima, vive ofendendo as pessoas de gra\u00e7a, falando da apar\u00eancia delas.<br><br>Pesquisa um pouco que voc\u00ea vai entender<\/p>&mdash; bubru (@bubru30) <a href=\"https:\/\/twitter.com\/bubru30\/status\/1461738425544028161?ref_src=twsrc%5Etfw\" target=\"_blank\" rel=\"noopener\">November 19, 2021<\/a><\/blockquote><script async src=\"https:\/\/platform.twitter.com\/widgets.js\" charset=\"utf-8\"><\/script>\n<\/div><\/figure>\n\n\n\n<figure class=\"wp-block-embed is-type-rich is-provider-twitter wp-block-embed-twitter\"><div class=\"wp-block-embed__wrapper\">\n<blockquote class=\"twitter-tweet\" data-width=\"550\" data-dnt=\"true\"><p lang=\"pt\" dir=\"ltr\">Com a Karol Conk\u00e1 foi diferente n\u00e9? <a href=\"https:\/\/t.co\/5Nfu8QfwCK\">pic.twitter.com\/5Nfu8QfwCK<\/a><\/p>&mdash; Central A Fazenda (@CentralReaIity) <a href=\"https:\/\/twitter.com\/CentralReaIity\/status\/1461738937731452943?ref_src=twsrc%5Etfw\" target=\"_blank\" rel=\"noopener\">November 19, 2021<\/a><\/blockquote><script async src=\"https:\/\/platform.twitter.com\/widgets.js\" charset=\"utf-8\"><\/script>\n<\/div><\/figure>\n\n\n\n<figure class=\"wp-block-embed is-type-rich is-provider-twitter wp-block-embed-twitter\"><div class=\"wp-block-embed__wrapper\">\n<blockquote class=\"twitter-tweet\" data-width=\"550\" data-dnt=\"true\"><p lang=\"pt\" dir=\"ltr\">A karol matou algu\u00e9m l\u00e1 dentro\ud83e\udd14 <a href=\"https:\/\/t.co\/ky9btEtVpd\">pic.twitter.com\/ky9btEtVpd<\/a><\/p>&mdash; \u300bBruno \ud83d\udd25 (@BcomentaW) <a href=\"https:\/\/twitter.com\/BcomentaW\/status\/1461743111785299982?ref_src=twsrc%5Etfw\" target=\"_blank\" rel=\"noopener\">November 19, 2021<\/a><\/blockquote><script async src=\"https:\/\/platform.twitter.com\/widgets.js\" charset=\"utf-8\"><\/script>\n<\/div><\/figure>\n\n\n\n<figure class=\"wp-block-embed is-type-rich is-provider-twitter wp-block-embed-twitter\"><div class=\"wp-block-embed__wrapper\">\n<blockquote class=\"twitter-tweet\" data-width=\"550\" data-dnt=\"true\"><p lang=\"pt\" dir=\"ltr\">Na hora de julgar a Karol conka vc n\u00e3o pensou nisso n\u00e9 ? Deixa de ser falsa biscoiteira<\/p>&mdash; Comentando reality \ud83d\udd25\u2728 (@eliiudy) <a href=\"https:\/\/twitter.com\/eliiudy\/status\/1461755515751608321?ref_src=twsrc%5Etfw\" target=\"_blank\" rel=\"noopener\">November 19, 2021<\/a><\/blockquote><script async src=\"https:\/\/platform.twitter.com\/widgets.js\" charset=\"utf-8\"><\/script>\n<\/div><\/figure>","protected":false},"excerpt":{"rendered":"<p>Depois de Dayane Mello rasgar o casaco de Rico Melquiades, em &#8220;A Fazenda 13&#8221;, a cantora Flay usou as redes sociais para defender a modelo. A paraibana se posicionou contra o linchamento virtual, apontando que a modelo n\u00e3o merece tantos ataques na internet. \u201cA Day matou algu\u00e9m l\u00e1 dentro, foi? N\u00e3o t\u00f4 acompanhando o programa, [&hellip;]<\/p>\n","protected":false},"author":1,"featured_media":97923,"comment_status":"closed","ping_status":"open","sticky":false,"template":"","format":"standard","meta":{"footnotes":""},"categories":[8605],"tags":[8906,9210,2314],"class_list":["post-97922","post","type-post","status-publish","format-standard","has-post-thumbnail","hentry","category-realities","tag-a-fazenda-13","tag-dayane-mello","tag-flay"],"_links":{"self":[{"href":"https:\/\/portalpopmais.com.br\/en\/wp-json\/wp\/v2\/posts\/97922","targetHints":{"allow":["GET"]}}],"collection":[{"href":"https:\/\/portalpopmais.com.br\/en\/wp-json\/wp\/v2\/posts"}],"about":[{"href":"https:\/\/portalpopmais.com.br\/en\/wp-json\/wp\/v2\/types\/post"}],"author":[{"embeddable":true,"href":"https:\/\/portalpopmais.com.br\/en\/wp-json\/wp\/v2\/users\/1"}],"replies":[{"embeddable":true,"href":"https:\/\/portalpopmais.com.br\/en\/wp-json\/wp\/v2\/comments?post=97922"}],"version-history":[{"count":0,"href":"https:\/\/portalpopmais.com.br\/en\/wp-json\/wp\/v2\/posts\/97922\/revisions"}],"wp:featuredmedia":[{"embeddable":true,"href":"https:\/\/portalpopmais.com.br\/en\/wp-json\/wp\/v2\/media\/97923"}],"wp:attachment":[{"href":"https:\/\/portalpopmais.com.br\/en\/wp-json\/wp\/v2\/media?parent=97922"}],"wp:term":[{"taxonomy":"category","embeddable":true,"href":"https:\/\/portalpopmais.com.br\/en\/wp-json\/wp\/v2\/categories?post=97922"},{"taxonomy":"post_tag","embeddable":true,"href":"https:\/\/portalpopmais.com.br\/en\/wp-json\/wp\/v2\/tags?post=97922"}],"curies":[{"name":"wp","href":"https:\/\/api.w.org\/{rel}","templated":true}]}}