{"id":97941,"date":"2021-11-21T10:38:19","date_gmt":"2021-11-21T13:38:19","guid":{"rendered":"https:\/\/portalpopmais.com.br\/?p=97941"},"modified":"2021-11-21T10:38:23","modified_gmt":"2021-11-21T13:38:23","slug":"a-fazenda-dynho-trisal-mirella-sthe","status":"publish","type":"post","link":"https:\/\/portalpopmais.com.br\/en\/a-fazenda-dynho-trisal-mirella-sthe\/","title":{"rendered":"A Fazenda: Dynho sugere trisal com Mirella e Sthe"},"content":{"rendered":"\n<p class=\"wp-block-paragraph\">Sem saber que <a href=\"https:\/\/portalpopmais.com.br\/mirella-pede-divorcio-dynho-alves\/\" target=\"_blank\" data-type=\"post\" data-id=\"97609\" rel=\"noreferrer noopener\">Mirella pediu o div\u00f3rcio<\/a>, <strong><a href=\"https:\/\/portalpopmais.com.br\/mirella-pede-divorcio-dynho-alves\/\" data-type=\"post\" data-id=\"97609\" target=\"_blank\" rel=\"noreferrer noopener\">Dynho Alves<\/a><\/strong> revelou durante conversa com Sthe, na noite deste s\u00e1bado (20), em <a href=\"http:\/\/r7.com\" target=\"_blank\" rel=\"noreferrer noopener\">&#8220;A Fazenda 13&#8221;<\/a>, que pretende conversar com a funkeira sobre um poss\u00edvel relacionamento entre ele, a ex-esposa e Sthe Matos.<\/p>\n\n\n\n<p class=\"wp-block-paragraph\"><em>&#8220;Voc\u00ea vai falar para a Mirella?&#8221;<\/em>, questionou a bailarina. <em>&#8220;Eu vou falar com ela, porque agora, o neg\u00f3cio ficou como? Me manda para a ro\u00e7a logo! Quero ir embora&#8221;<\/em>, brincou ele.<\/p>\n\n\n<ul class=\"wp-block-latest-posts__list is-grid wp-block-latest-posts is-layout-flow wp-block-latest-posts-is-layout-flow\"><li><div class=\"wp-block-latest-posts__featured-image aligncenter\"><a href=\"https:\/\/portalpopmais.com.br\/en\/quem-e-lucas-cardoso-participante-do-rancho-maia-que-viralizou\/\" aria-label=\"Quem \u00e9 Lucas Cardoso, participante do Rancho Maia que viralizou\"><img loading=\"lazy\" decoding=\"async\" width=\"768\" height=\"456\" src=\"https:\/\/portalpopmais.com.br\/wp-content\/uploads\/2026\/08\/lucas-cardoso-768x456.png\" class=\"attachment-medium size-medium wp-post-image\" alt=\"lucas cardoso\" style=\"\" title=\"\"><\/a><\/div><a class=\"wp-block-latest-posts__post-title\" href=\"https:\/\/portalpopmais.com.br\/en\/quem-e-lucas-cardoso-participante-do-rancho-maia-que-viralizou\/\">Quem \u00e9 Lucas Cardoso, participante do Rancho Maia que viralizou<\/a><\/li>\n<li><div class=\"wp-block-latest-posts__featured-image aligncenter\"><a href=\"https:\/\/portalpopmais.com.br\/en\/davi-brito-desiste-luta-rico-melquiades\/\" aria-label=\"Davi Brito vira &#8220;piada&#8221; na web ap\u00f3s desistir de luta contra Rico Melquiades\"><img loading=\"lazy\" decoding=\"async\" width=\"768\" height=\"456\" src=\"https:\/\/portalpopmais.com.br\/wp-content\/uploads\/2026\/08\/Davi-Brito-vira-piada-na-web-apos-desistir-de-luta-contra-Rico-Melquiades-768x456.png\" class=\"attachment-medium size-medium wp-post-image\" alt=\"Davi Brito vira piada na web ap\u00f3s desistir de luta contra Rico Melquiades\" style=\"\" srcset=\"https:\/\/portalpopmais.com.br\/wp-content\/uploads\/2026\/08\/Davi-Brito-vira-piada-na-web-apos-desistir-de-luta-contra-Rico-Melquiades-768x456.png 768w, https:\/\/portalpopmais.com.br\/wp-content\/uploads\/2026\/08\/Davi-Brito-vira-piada-na-web-apos-desistir-de-luta-contra-Rico-Melquiades-1170x694.png 1170w, https:\/\/portalpopmais.com.br\/wp-content\/uploads\/2026\/08\/Davi-Brito-vira-piada-na-web-apos-desistir-de-luta-contra-Rico-Melquiades-18x10.png 18w\" sizes=\"auto, (max-width: 768px) 100vw, 768px\" title=\"\"><\/a><\/div><a class=\"wp-block-latest-posts__post-title\" href=\"https:\/\/portalpopmais.com.br\/en\/davi-brito-desiste-luta-rico-melquiades\/\">Davi Brito vira &#8220;piada&#8221; na web ap\u00f3s desistir de luta contra Rico Melquiades<\/a><\/li>\n<li><div class=\"wp-block-latest-posts__featured-image aligncenter\"><a href=\"https:\/\/portalpopmais.com.br\/en\/personal-carlinhos-maia-observa-machdove-banho\/\" aria-label=\"&#8220;H\u00e9tero&#8221;, personal de Carlinhos Maia \u00e9 flagrado observando banho de MachDove\"><img loading=\"lazy\" decoding=\"async\" width=\"768\" height=\"456\" src=\"https:\/\/portalpopmais.com.br\/wp-content\/uploads\/2026\/08\/personal-carlinhos-maia-observa-machdove-banho-768x456.png\" class=\"attachment-medium size-medium wp-post-image\" alt=\"personal carlinhos maia observa machdove banho\" style=\"\" srcset=\"https:\/\/portalpopmais.com.br\/wp-content\/uploads\/2026\/08\/personal-carlinhos-maia-observa-machdove-banho-768x456.png 768w, https:\/\/portalpopmais.com.br\/wp-content\/uploads\/2026\/08\/personal-carlinhos-maia-observa-machdove-banho-1170x694.png 1170w, https:\/\/portalpopmais.com.br\/wp-content\/uploads\/2026\/08\/personal-carlinhos-maia-observa-machdove-banho-18x10.png 18w\" sizes=\"auto, (max-width: 768px) 100vw, 768px\" title=\"\"><\/a><\/div><a class=\"wp-block-latest-posts__post-title\" href=\"https:\/\/portalpopmais.com.br\/en\/personal-carlinhos-maia-observa-machdove-banho\/\">&#8220;H\u00e9tero&#8221;, personal de Carlinhos Maia \u00e9 flagrado observando banho de MachDove<\/a><\/li>\n<\/ul>\n\n\n<p class=\"wp-block-paragraph\"><em>&#8220;Vou falar para ela: &#8216;Mirella, a Tet\u00e9 falou um neg\u00f3cio aqui que eu fiquei interessado&#8217;. E agora, como que faz?&#8221;<\/em>, continuou o dan\u00e7arino.<\/p>\n\n\n\n<p class=\"wp-block-paragraph\">&#8220;V<em>amos fazer um\u2026&#8221;<\/em>, prop\u00f4s ele, sem concluir a frase. <em>&#8220;Vamos tentar&#8221;, <\/em>concordou Sthe. <em>&#8220;Voc\u00ea conhece algu\u00e9m assim, que\u2026?&#8221;, <\/em>questionou ela. <em>&#8220;N\u00e3o, voc\u00ea foi a primeira&#8221;<\/em>, afirmou o agora ex-marido de Mirella.<\/p>\n\n\n\n<p class=\"wp-block-paragraph\"><em>&#8220;\u00c9 porque a gente vive em um grudinho s\u00f3 nosso&#8221;<\/em>, justificou.<em> &#8220;A gente [ele e Mirella] divide tudo, eu falo tudo para ela e ela fala tudo para mim, sempre foi assim. A gente j\u00e1 conversou sobre isso, mas nunca, n\u00e9?&#8221;,<\/em> disse, explicando como funcionava o relacionamento que tinha com a cantora.<\/p>\n\n\n\n<p class=\"wp-block-paragraph\">Sthe ent\u00e3o come\u00e7ou a cochichar no ouvido de Dynho, mas a conversa ficou inaud\u00edvel. Nas redes sociais, os internautas especularam que os dois poderiam estar falando sobre uma troca de casais ou sexo a tr\u00eas.<\/p>\n\n\n\n<figure class=\"wp-block-embed is-type-rich is-provider-twitter wp-block-embed-twitter\"><div class=\"wp-block-embed__wrapper\">\n<blockquote class=\"twitter-tweet\" data-width=\"550\" data-dnt=\"true\"><p lang=\"pt\" dir=\"ltr\">gente, passada chocada <br> <a href=\"https:\/\/t.co\/cnpw8DQBNV\">pic.twitter.com\/cnpw8DQBNV<\/a><\/p>&mdash; aline (@Flopscomenta) <a href=\"https:\/\/twitter.com\/Flopscomenta\/status\/1462165089725919233?ref_src=twsrc%5Etfw\" target=\"_blank\" rel=\"noopener\">November 20, 2021<\/a><\/blockquote><script async src=\"https:\/\/platform.twitter.com\/widgets.js\" charset=\"utf-8\"><\/script>\n<\/div><\/figure>\n","protected":false},"excerpt":{"rendered":"<p>Sem saber que Mirella pediu o div\u00f3rcio, Dynho Alves revelou durante conversa com Sthe, na noite deste s\u00e1bado (20), em &#8220;A Fazenda 13&#8221;, que pretende conversar com a funkeira sobre um poss\u00edvel relacionamento entre ele, a ex-esposa e Sthe Matos. &#8220;Voc\u00ea vai falar para a Mirella?&#8221;, questionou a bailarina. &#8220;Eu vou falar com ela, porque [&hellip;]<\/p>\n","protected":false},"author":2,"featured_media":97943,"comment_status":"closed","ping_status":"open","sticky":false,"template":"","format":"standard","meta":{"footnotes":""},"categories":[8605],"tags":[8906,9119,7654],"class_list":["post-97941","post","type-post","status-publish","format-standard","has-post-thumbnail","hentry","category-realities","tag-a-fazenda-13","tag-dynho-alves","tag-mirella"],"_links":{"self":[{"href":"https:\/\/portalpopmais.com.br\/en\/wp-json\/wp\/v2\/posts\/97941","targetHints":{"allow":["GET"]}}],"collection":[{"href":"https:\/\/portalpopmais.com.br\/en\/wp-json\/wp\/v2\/posts"}],"about":[{"href":"https:\/\/portalpopmais.com.br\/en\/wp-json\/wp\/v2\/types\/post"}],"author":[{"embeddable":true,"href":"https:\/\/portalpopmais.com.br\/en\/wp-json\/wp\/v2\/users\/2"}],"replies":[{"embeddable":true,"href":"https:\/\/portalpopmais.com.br\/en\/wp-json\/wp\/v2\/comments?post=97941"}],"version-history":[{"count":0,"href":"https:\/\/portalpopmais.com.br\/en\/wp-json\/wp\/v2\/posts\/97941\/revisions"}],"wp:featuredmedia":[{"embeddable":true,"href":"https:\/\/portalpopmais.com.br\/en\/wp-json\/wp\/v2\/media\/97943"}],"wp:attachment":[{"href":"https:\/\/portalpopmais.com.br\/en\/wp-json\/wp\/v2\/media?parent=97941"}],"wp:term":[{"taxonomy":"category","embeddable":true,"href":"https:\/\/portalpopmais.com.br\/en\/wp-json\/wp\/v2\/categories?post=97941"},{"taxonomy":"post_tag","embeddable":true,"href":"https:\/\/portalpopmais.com.br\/en\/wp-json\/wp\/v2\/tags?post=97941"}],"curies":[{"name":"wp","href":"https:\/\/api.w.org\/{rel}","templated":true}]}}