{"id":97994,"date":"2021-11-23T10:20:42","date_gmt":"2021-11-23T13:20:42","guid":{"rendered":"https:\/\/portalpopmais.com.br\/?p=97994"},"modified":"2021-11-23T10:20:48","modified_gmt":"2021-11-23T13:20:48","slug":"carro-roberto-carlos-enguica-falta-combustivel","status":"publish","type":"post","link":"https:\/\/portalpopmais.com.br\/en\/carro-roberto-carlos-enguica-falta-combustivel\/","title":{"rendered":"Calhambeque? Carro de Roberto Carlos engui\u00e7a por falta de combust\u00edvel; veja v\u00eddeo"},"content":{"rendered":"<p>O cantor <strong><a href=\"https:\/\/portalpopmais.com.br\/en\/morre-dudu-braga-filho-de-roberto-carlos\/\" target=\"_blank\" data-type=\"post\" data-id=\"91585\" rel=\"noreferrer noopener\">Roberto Carlos<\/a><\/strong> passou por um verdadeiro perrengue. Ao tirar seu &#8220;calhambeque&#8221; da garagem na \u00faltima semana para ir ao est\u00fadio <a href=\"http:\/\/instagram.com\/portalpopmais\" target=\"_blank\" rel=\"noreferrer noopener\">gravar<\/a>, o cantor n\u00e3o notou que o ve\u00edculo estava com pouco combust\u00edvel e, com isso, ficou a p\u00e9 pelas ruas da Urca, no Rio de Janeiro. O autom\u00f3vel, um Audio R8 Spyder, acabou sofrendo uma pane seca, e o registro foi parar nas redes sociais. <\/p>\n\n\n\n<p>Em nota para a imprensa, a assessoria de Roberto Carlos informou que o artista acabou pegando uma carona com os funcion\u00e1rios na ocasi\u00e3o: <em>\u201cO carro de apoio estava atr\u00e1s e ele seguiu para o est\u00fadio\u201d,<\/em> disse a equipe.<\/p>\n\n\n\n<p>Ap\u00f3s o ocorrido, alguns internautas fizeram memes com o assunto nas redes sociais e brincaram sobre o pre\u00e7o da gasolina.<\/p>\n\n\n\n<figure class=\"wp-block-embed is-type-rich is-provider-twitter wp-block-embed-twitter\"><div class=\"wp-block-embed__wrapper\">\n<blockquote class=\"twitter-tweet\" data-width=\"550\" data-dnt=\"true\"><p lang=\"pt\" dir=\"ltr\">A gasolina no Brasil muito caro \u26fd \u26fd \u26fd .<br>O cantor Rei Roberto Carlos esqueceu de abastecer o tanque do seu carro \ud83d\ude97. Travou o tr\u00e2nsito na cidade do Rio de Janeiro. <a href=\"https:\/\/t.co\/cQjC3MNBQc\">pic.twitter.com\/cQjC3MNBQc<\/a><\/p>&mdash; Mauro Sergio (@MauroSergioBP1) <a href=\"https:\/\/twitter.com\/MauroSergioBP1\/status\/1462813237221675015?ref_src=twsrc%5Etfw\" target=\"_blank\" rel=\"noopener\">November 22, 2021<\/a><\/blockquote><script async src=\"https:\/\/platform.twitter.com\/widgets.js\" charset=\"utf-8\"><\/script>\n<\/div><\/figure>","protected":false},"excerpt":{"rendered":"<p>O cantor Roberto Carlos passou por um verdadeiro perrengue. Ao tirar seu &#8220;calhambeque&#8221; da garagem na \u00faltima semana para ir ao est\u00fadio gravar, o cantor n\u00e3o notou que o ve\u00edculo estava com pouco combust\u00edvel e, com isso, ficou a p\u00e9 pelas ruas da Urca, no Rio de Janeiro. O autom\u00f3vel, um Audio R8 Spyder, acabou [&hellip;]<\/p>\n","protected":false},"author":2,"featured_media":97995,"comment_status":"closed","ping_status":"open","sticky":false,"template":"","format":"standard","meta":{"footnotes":""},"categories":[173],"tags":[1909],"class_list":["post-97994","post","type-post","status-publish","format-standard","has-post-thumbnail","hentry","category-celebridades","tag-roberto-carlos"],"_links":{"self":[{"href":"https:\/\/portalpopmais.com.br\/en\/wp-json\/wp\/v2\/posts\/97994","targetHints":{"allow":["GET"]}}],"collection":[{"href":"https:\/\/portalpopmais.com.br\/en\/wp-json\/wp\/v2\/posts"}],"about":[{"href":"https:\/\/portalpopmais.com.br\/en\/wp-json\/wp\/v2\/types\/post"}],"author":[{"embeddable":true,"href":"https:\/\/portalpopmais.com.br\/en\/wp-json\/wp\/v2\/users\/2"}],"replies":[{"embeddable":true,"href":"https:\/\/portalpopmais.com.br\/en\/wp-json\/wp\/v2\/comments?post=97994"}],"version-history":[{"count":0,"href":"https:\/\/portalpopmais.com.br\/en\/wp-json\/wp\/v2\/posts\/97994\/revisions"}],"wp:featuredmedia":[{"embeddable":true,"href":"https:\/\/portalpopmais.com.br\/en\/wp-json\/wp\/v2\/media\/97995"}],"wp:attachment":[{"href":"https:\/\/portalpopmais.com.br\/en\/wp-json\/wp\/v2\/media?parent=97994"}],"wp:term":[{"taxonomy":"category","embeddable":true,"href":"https:\/\/portalpopmais.com.br\/en\/wp-json\/wp\/v2\/categories?post=97994"},{"taxonomy":"post_tag","embeddable":true,"href":"https:\/\/portalpopmais.com.br\/en\/wp-json\/wp\/v2\/tags?post=97994"}],"curies":[{"name":"wp","href":"https:\/\/api.w.org\/{rel}","templated":true}]}}