{"id":98057,"date":"2021-11-24T11:04:55","date_gmt":"2021-11-24T14:04:55","guid":{"rendered":"https:\/\/portalpopmais.com.br\/?p=98057"},"modified":"2021-11-24T11:05:13","modified_gmt":"2021-11-24T14:05:13","slug":"rainer-cadete-vence-acao-contra-record-difamacao","status":"publish","type":"post","link":"https:\/\/portalpopmais.com.br\/en\/rainer-cadete-vence-acao-contra-record-difamacao\/","title":{"rendered":"Rainer Cadete vence a\u00e7\u00e3o contra Record por difama\u00e7\u00e3o"},"content":{"rendered":"<p class=\"wp-block-paragraph\"><strong><a href=\"https:\/\/portalpopmais.com.br\/en\/rainer-cadete-assume-biscoiteiro-recebe-nudes-seguidores\/\" target=\"_blank\" data-type=\"post\" data-id=\"90889\" rel=\"noreferrer noopener\">Rainer Cadete<\/a><\/strong> venceu uma a\u00e7\u00e3o por danos morais contra a <a href=\"http:\/\/r7.com\" target=\"_blank\" rel=\"noreferrer noopener\">Record TV<\/a>. O artista alega que foi alvo de uma &#8220;campanha difamat\u00f3ria&#8221; entre 2014 e 2016, com mat\u00e9rias publicadas no blog da jornalista Fab\u00edola Reipert, no portal R7.<\/p>\n\n\n\n<p class=\"wp-block-paragraph\">Segundo o UOL, a indeniza\u00e7\u00e3o foi fixada, na \u00faltima quinta-feira (18), pelo Superior Tribunal de Justi\u00e7a (STJ), em R$ 35 mil.<\/p>\n\n\n<ul class=\"wp-block-latest-posts__list is-grid aligncenter wp-block-latest-posts is-layout-flow wp-block-latest-posts-is-layout-flow\"><li><div class=\"wp-block-latest-posts__featured-image aligncenter\"><a href=\"https:\/\/portalpopmais.com.br\/en\/sbt-descarta-programa-patricia-abravanel\/\" aria-label=\"SBT descarta de vez programa fracassado de Patr\u00edcia Abravanel; veja\"><img loading=\"lazy\" decoding=\"async\" width=\"768\" height=\"456\" src=\"https:\/\/portalpopmais.com.br\/wp-content\/uploads\/2021\/06\/patricia-abravanel-vem-pra-ca-reproducao-sbt-768x456.jpg\" class=\"attachment-medium size-medium wp-post-image\" alt=\"Patr\u00edcia Abravanel vem pra c\u00e1\" style=\"\" srcset=\"https:\/\/portalpopmais.com.br\/wp-content\/uploads\/2021\/06\/patricia-abravanel-vem-pra-ca-reproducao-sbt-768x456.jpg 768w, https:\/\/portalpopmais.com.br\/wp-content\/uploads\/2021\/06\/patricia-abravanel-vem-pra-ca-reproducao-sbt-1170x694.jpg 1170w\" sizes=\"auto, (max-width: 768px) 100vw, 768px\" title=\"\"><\/a><\/div><a class=\"wp-block-latest-posts__post-title\" href=\"https:\/\/portalpopmais.com.br\/en\/sbt-descarta-programa-patricia-abravanel\/\">SBT descarta de vez programa fracassado de Patr\u00edcia Abravanel; veja<\/a><\/li>\n<li><div class=\"wp-block-latest-posts__featured-image aligncenter\"><a href=\"https:\/\/portalpopmais.com.br\/en\/morre-luiz-antonio-silva\/\" aria-label=\"Morre Luiz Ant\u00f4nio Silva, m\u00e9dico e apresentador do quadro &#8220;Pergunte ao Doutor&#8221;, aos 63 anos\"><img loading=\"lazy\" decoding=\"async\" width=\"768\" height=\"456\" src=\"https:\/\/portalpopmais.com.br\/wp-content\/uploads\/2026\/09\/Morre-Luiz-Antonio-Silva-768x456.png\" class=\"attachment-medium size-medium wp-post-image\" alt=\"Morre Luiz Ant\u00f4nio Silva\" style=\"\" srcset=\"https:\/\/portalpopmais.com.br\/wp-content\/uploads\/2026\/09\/Morre-Luiz-Antonio-Silva-768x456.png 768w, https:\/\/portalpopmais.com.br\/wp-content\/uploads\/2026\/09\/Morre-Luiz-Antonio-Silva-1170x694.png 1170w, https:\/\/portalpopmais.com.br\/wp-content\/uploads\/2026\/09\/Morre-Luiz-Antonio-Silva-18x12.png 18w\" sizes=\"auto, (max-width: 768px) 100vw, 768px\" title=\"\"><\/a><\/div><a class=\"wp-block-latest-posts__post-title\" href=\"https:\/\/portalpopmais.com.br\/en\/morre-luiz-antonio-silva\/\">Morre Luiz Ant\u00f4nio Silva, m\u00e9dico e apresentador do quadro &#8220;Pergunte ao Doutor&#8221;, aos 63 anos<\/a><\/li>\n<li><div class=\"wp-block-latest-posts__featured-image aligncenter\"><a href=\"https:\/\/portalpopmais.com.br\/en\/apresentadora-de-telejornal-super-jovem-se-despede-da-tv-aos-79-anos\/\" aria-label=\"Apresentadora de telejornal &#8216;super jovem&#8217; se despede da TV aos 79 anos\"><img loading=\"lazy\" decoding=\"async\" width=\"768\" height=\"456\" src=\"https:\/\/portalpopmais.com.br\/wp-content\/uploads\/2026\/09\/tongtv-ubryfjngpy06-768x456.jpg\" class=\"attachment-medium size-medium wp-post-image\" alt=\"tongtv ubryfjngpy06\" style=\"\" srcset=\"https:\/\/portalpopmais.com.br\/wp-content\/uploads\/2026\/09\/tongtv-ubryfjngpy06-768x456.jpg 768w, https:\/\/portalpopmais.com.br\/wp-content\/uploads\/2026\/09\/tongtv-ubryfjngpy06-18x10.jpg 18w\" sizes=\"auto, (max-width: 768px) 100vw, 768px\" title=\"\"><\/a><\/div><a class=\"wp-block-latest-posts__post-title\" href=\"https:\/\/portalpopmais.com.br\/en\/apresentadora-de-telejornal-super-jovem-se-despede-da-tv-aos-79-anos\/\">Apresentadora de telejornal &#8216;super jovem&#8217; se despede da TV aos 79 anos<\/a><\/li>\n<\/ul>\n\n\n<p class=\"wp-block-paragraph\">O processo alega que s\u00e3o<em>\u00a0&#8220;mat\u00e9rias ofensivas, vexat\u00f3rias que ridicularizam e violam sua intimidade insinuando que o autor \u00e9 homossexual e que se aproveita disso para construir sua carreira\u201d.<\/em><\/p>\n\n\n\n<p class=\"wp-block-paragraph\">De acordo com a a\u00e7\u00e3o, al\u00e9m dessas, outras mat\u00e9rias da jornalista foram publicadas:<em>\u00a0&#8220;foram publicadas com o cunho de humilhar e debochar do autor (Rainer Cadete), sem nenhuma cr\u00edtica, elogio ou constata\u00e7\u00e3o acerca de sua carreira&#8221;.<\/em><\/p>\n\n\n\n<p class=\"wp-block-paragraph\"><strong>Fabiola Reipert<\/strong>\u00a0publicou em seu blog a respeito do ator de<em>\u00a0Verdades Secretas<\/em>, textos insinuando sua carreira:\u00a0<em>&#8220;arrumou uma namorada para aparecer na m\u00eddia&#8221;<\/em>\u00a0e que\u00a0<em>&#8220;ganhou destaque em &#8216;Verdades Secretas&#8217; por ser unha e carne com o autor Walcyr Carrasco\u201d.<\/em><\/p>\n\n\n\n<p class=\"wp-block-paragraph\">Para o UOL, Ricardo Brajterman, advogad de Rainer disse: &#8220;<em>Meu cliente \u00e9 um artista completo e formid\u00e1vel, que merece respeito como todo e qualquer cidad\u00e3o. \u00c9 inadmiss\u00edvel que um portal que se vende como sendo s\u00e9rio e \u00e9tico, invente e alardeie mentiras para conquistar audi\u00eancia, difamando pessoas \u00edntegras e de boa reputa\u00e7\u00e3o.&#8221;<\/em><\/p>","protected":false},"excerpt":{"rendered":"<p>Rainer Cadete venceu uma a\u00e7\u00e3o por danos morais contra a Record TV. O artista alega que foi alvo de uma &#8220;campanha difamat\u00f3ria&#8221; entre 2014 e 2016, com mat\u00e9rias publicadas no blog da jornalista Fab\u00edola Reipert, no portal R7. Segundo o UOL, a indeniza\u00e7\u00e3o foi fixada, na \u00faltima quinta-feira (18), pelo Superior Tribunal de Justi\u00e7a (STJ), [&hellip;]<\/p>\n","protected":false},"author":2,"featured_media":90234,"comment_status":"closed","ping_status":"open","sticky":false,"template":"","format":"standard","meta":{"footnotes":""},"categories":[173],"tags":[8469],"class_list":["post-98057","post","type-post","status-publish","format-standard","has-post-thumbnail","hentry","category-celebridades","tag-rainer-cadete"],"_links":{"self":[{"href":"https:\/\/portalpopmais.com.br\/en\/wp-json\/wp\/v2\/posts\/98057","targetHints":{"allow":["GET"]}}],"collection":[{"href":"https:\/\/portalpopmais.com.br\/en\/wp-json\/wp\/v2\/posts"}],"about":[{"href":"https:\/\/portalpopmais.com.br\/en\/wp-json\/wp\/v2\/types\/post"}],"author":[{"embeddable":true,"href":"https:\/\/portalpopmais.com.br\/en\/wp-json\/wp\/v2\/users\/2"}],"replies":[{"embeddable":true,"href":"https:\/\/portalpopmais.com.br\/en\/wp-json\/wp\/v2\/comments?post=98057"}],"version-history":[{"count":0,"href":"https:\/\/portalpopmais.com.br\/en\/wp-json\/wp\/v2\/posts\/98057\/revisions"}],"wp:featuredmedia":[{"embeddable":true,"href":"https:\/\/portalpopmais.com.br\/en\/wp-json\/wp\/v2\/media\/90234"}],"wp:attachment":[{"href":"https:\/\/portalpopmais.com.br\/en\/wp-json\/wp\/v2\/media?parent=98057"}],"wp:term":[{"taxonomy":"category","embeddable":true,"href":"https:\/\/portalpopmais.com.br\/en\/wp-json\/wp\/v2\/categories?post=98057"},{"taxonomy":"post_tag","embeddable":true,"href":"https:\/\/portalpopmais.com.br\/en\/wp-json\/wp\/v2\/tags?post=98057"}],"curies":[{"name":"wp","href":"https:\/\/api.w.org\/{rel}","templated":true}]}}