{"id":98438,"date":"2021-12-01T11:54:44","date_gmt":"2021-12-01T14:54:44","guid":{"rendered":"https:\/\/portalpopmais.com.br\/?p=98438"},"modified":"2021-12-01T11:54:49","modified_gmt":"2021-12-01T14:54:49","slug":"eduardo-costa-proibe-namorada-de-ver-filhos","status":"publish","type":"post","link":"https:\/\/portalpopmais.com.br\/en\/eduardo-costa-proibe-namorada-de-ver-filhos\/","title":{"rendered":"Ex-marido da namorada de Eduardo Costa dispara: \u2018Impede ela de ver os filhos\u2019"},"content":{"rendered":"<p class=\"wp-block-paragraph\"><strong><a href=\"https:\/\/portalpopmais.com.br\/en\/gusttavo-lima-novo-visual-eduardo-costa\/\" target=\"_blank\" data-type=\"post\" data-id=\"88223\" rel=\"noreferrer noopener\">Eduardo Costa<\/a><\/strong> voltou a ter seu nome envolvido em pol\u00eamica. Al\u00e9m de ter sido denunciado por estelionato pelo Minist\u00e9rio P\u00fablico, agora o cantor \u00e9 acusado de proibir sua atual namorada, Mariana Polastreli, de ver os filhos <a href=\"http:\/\/instagram.com\/portalpopmais\" target=\"_blank\" rel=\"noreferrer noopener\">dela<\/a>.<\/p>\n\n\n\n<p class=\"wp-block-paragraph\">Segundo informa\u00e7\u00f5es da coluna de Leo Dias, do site Metr\u00f3poles, o ex-marido da empres\u00e1ria, Eduardo Polastreli, disse que ela n\u00e3o visita os filhos h\u00e1 quase 60 dias por conta do ci\u00fame doentio de Costa. <em>\u201cMeus filhos perguntam pra ela quando vem, ela n\u00e3o sabe dizer. N\u00e3o tem data, nem previs\u00e3o. E \u00e9 por ci\u00fames dele mesmo. Virou prisioneira l\u00e1\u201d,<\/em> disse ele ao ve\u00edculo.<\/p>\n\n\n<ul class=\"wp-block-latest-posts__list is-grid wp-block-latest-posts is-layout-flow wp-block-latest-posts-is-layout-flow\"><li><div class=\"wp-block-latest-posts__featured-image aligncenter\"><a href=\"https:\/\/portalpopmais.com.br\/en\/morre-luiz-antonio-silva\/\" aria-label=\"Morre Luiz Ant\u00f4nio Silva, m\u00e9dico e apresentador do quadro &#8220;Pergunte ao Doutor&#8221;, aos 63 anos\"><img loading=\"lazy\" decoding=\"async\" width=\"768\" height=\"456\" src=\"https:\/\/portalpopmais.com.br\/wp-content\/uploads\/2026\/09\/Morre-Luiz-Antonio-Silva-768x456.png\" class=\"attachment-medium size-medium wp-post-image\" alt=\"Morre Luiz Ant\u00f4nio Silva\" style=\"\" srcset=\"https:\/\/portalpopmais.com.br\/wp-content\/uploads\/2026\/09\/Morre-Luiz-Antonio-Silva-768x456.png 768w, https:\/\/portalpopmais.com.br\/wp-content\/uploads\/2026\/09\/Morre-Luiz-Antonio-Silva-1170x694.png 1170w, https:\/\/portalpopmais.com.br\/wp-content\/uploads\/2026\/09\/Morre-Luiz-Antonio-Silva-18x12.png 18w\" sizes=\"auto, (max-width: 768px) 100vw, 768px\" title=\"\"><\/a><\/div><a class=\"wp-block-latest-posts__post-title\" href=\"https:\/\/portalpopmais.com.br\/en\/morre-luiz-antonio-silva\/\">Morre Luiz Ant\u00f4nio Silva, m\u00e9dico e apresentador do quadro &#8220;Pergunte ao Doutor&#8221;, aos 63 anos<\/a><\/li>\n<li><div class=\"wp-block-latest-posts__featured-image aligncenter\"><a href=\"https:\/\/portalpopmais.com.br\/en\/apresentadora-de-telejornal-super-jovem-se-despede-da-tv-aos-79-anos\/\" aria-label=\"Apresentadora de telejornal &#8216;super jovem&#8217; se despede da TV aos 79 anos\"><img loading=\"lazy\" decoding=\"async\" width=\"768\" height=\"456\" src=\"https:\/\/portalpopmais.com.br\/wp-content\/uploads\/2026\/09\/tongtv-ubryfjngpy06-768x456.jpg\" class=\"attachment-medium size-medium wp-post-image\" alt=\"tongtv ubryfjngpy06\" style=\"\" srcset=\"https:\/\/portalpopmais.com.br\/wp-content\/uploads\/2026\/09\/tongtv-ubryfjngpy06-768x456.jpg 768w, https:\/\/portalpopmais.com.br\/wp-content\/uploads\/2026\/09\/tongtv-ubryfjngpy06-18x10.jpg 18w\" sizes=\"auto, (max-width: 768px) 100vw, 768px\" title=\"\"><\/a><\/div><a class=\"wp-block-latest-posts__post-title\" href=\"https:\/\/portalpopmais.com.br\/en\/apresentadora-de-telejornal-super-jovem-se-despede-da-tv-aos-79-anos\/\">Apresentadora de telejornal &#8216;super jovem&#8217; se despede da TV aos 79 anos<\/a><\/li>\n<li><div class=\"wp-block-latest-posts__featured-image aligncenter\"><a href=\"https:\/\/portalpopmais.com.br\/en\/leo-dias-anuncia-saida-do-melhor-da-tarde-saiba-o-motivo\/\" aria-label=\"Leo Dias anuncia sa\u00edda do \u201cMelhor da Tarde\u201d; saiba o motivo\"><img loading=\"lazy\" decoding=\"async\" width=\"768\" height=\"456\" src=\"https:\/\/portalpopmais.com.br\/wp-content\/uploads\/2025\/11\/leo-dias-no-melhor-da-tarde-768x456.jpg\" class=\"attachment-medium size-medium wp-post-image\" alt=\"\" style=\"\" srcset=\"https:\/\/portalpopmais.com.br\/wp-content\/uploads\/2025\/11\/leo-dias-no-melhor-da-tarde-768x456.jpg 768w, https:\/\/portalpopmais.com.br\/wp-content\/uploads\/2025\/11\/leo-dias-no-melhor-da-tarde-1170x694.jpg 1170w, https:\/\/portalpopmais.com.br\/wp-content\/uploads\/2025\/11\/leo-dias-no-melhor-da-tarde-18x10.jpg 18w\" sizes=\"auto, (max-width: 768px) 100vw, 768px\" title=\"\"><\/a><\/div><a class=\"wp-block-latest-posts__post-title\" href=\"https:\/\/portalpopmais.com.br\/en\/leo-dias-anuncia-saida-do-melhor-da-tarde-saiba-o-motivo\/\">Leo Dias anuncia sa\u00edda do \u201cMelhor da Tarde\u201d; saiba o motivo<\/a><\/li>\n<\/ul>\n\n\n<p class=\"wp-block-paragraph\">\u201c<em>Ele t\u00e1 privando a namorada de ver os filhos. J\u00e1 s\u00e3o 2 meses que ela n\u00e3o vem ver os filhos mais velhos<\/em>\u201d, revela Eduardo Polastreli.<\/p>\n\n\n\n<p class=\"wp-block-paragraph\">Ainda de acordo com ele, Mariana n\u00e3o vai \u00e0 cidade para ver as crian\u00e7as desde o dia 3 de outubro. <em>\u201cEla n\u00e3o est\u00e1 cumprindo o processo de guarda e visita\u00e7\u00e3o. Ela teria que trazer o menino de 15 em 15 dias pra minha visita\u00e7\u00e3o e n\u00e3o est\u00e1 cumprindo\u201d.<\/em><\/p>\n\n\n\n<p class=\"wp-block-paragraph\">Eduardo e Mariana se relacionaram por 15 anos e tiveram tr\u00eas filhos. Os mais velhos t\u00eam 14 e 9 anos de idade, respectivamente. O mais novo \u00e9 um beb\u00ea de um ano, que est\u00e1 com a m\u00e3e.<\/p>","protected":false},"excerpt":{"rendered":"<p>Eduardo Costa voltou a ter seu nome envolvido em pol\u00eamica. Al\u00e9m de ter sido denunciado por estelionato pelo Minist\u00e9rio P\u00fablico, agora o cantor \u00e9 acusado de proibir sua atual namorada, Mariana Polastreli, de ver os filhos dela. Segundo informa\u00e7\u00f5es da coluna de Leo Dias, do site Metr\u00f3poles, o ex-marido da empres\u00e1ria, Eduardo Polastreli, disse que [&hellip;]<\/p>\n","protected":false},"author":2,"featured_media":98439,"comment_status":"closed","ping_status":"open","sticky":false,"template":"","format":"standard","meta":{"footnotes":""},"categories":[173],"tags":[790],"class_list":["post-98438","post","type-post","status-publish","format-standard","has-post-thumbnail","hentry","category-celebridades","tag-eduardo-costa"],"_links":{"self":[{"href":"https:\/\/portalpopmais.com.br\/en\/wp-json\/wp\/v2\/posts\/98438","targetHints":{"allow":["GET"]}}],"collection":[{"href":"https:\/\/portalpopmais.com.br\/en\/wp-json\/wp\/v2\/posts"}],"about":[{"href":"https:\/\/portalpopmais.com.br\/en\/wp-json\/wp\/v2\/types\/post"}],"author":[{"embeddable":true,"href":"https:\/\/portalpopmais.com.br\/en\/wp-json\/wp\/v2\/users\/2"}],"replies":[{"embeddable":true,"href":"https:\/\/portalpopmais.com.br\/en\/wp-json\/wp\/v2\/comments?post=98438"}],"version-history":[{"count":0,"href":"https:\/\/portalpopmais.com.br\/en\/wp-json\/wp\/v2\/posts\/98438\/revisions"}],"wp:featuredmedia":[{"embeddable":true,"href":"https:\/\/portalpopmais.com.br\/en\/wp-json\/wp\/v2\/media\/98439"}],"wp:attachment":[{"href":"https:\/\/portalpopmais.com.br\/en\/wp-json\/wp\/v2\/media?parent=98438"}],"wp:term":[{"taxonomy":"category","embeddable":true,"href":"https:\/\/portalpopmais.com.br\/en\/wp-json\/wp\/v2\/categories?post=98438"},{"taxonomy":"post_tag","embeddable":true,"href":"https:\/\/portalpopmais.com.br\/en\/wp-json\/wp\/v2\/tags?post=98438"}],"curies":[{"name":"wp","href":"https:\/\/api.w.org\/{rel}","templated":true}]}}