{"id":98441,"date":"2021-12-01T11:59:07","date_gmt":"2021-12-01T14:59:07","guid":{"rendered":"https:\/\/portalpopmais.com.br\/?p=98441"},"modified":"2021-12-01T11:59:11","modified_gmt":"2021-12-01T14:59:11","slug":"eduardo-costa-denunciado-por-estelionato","status":"publish","type":"post","link":"https:\/\/portalpopmais.com.br\/en\/eduardo-costa-denunciado-por-estelionato\/","title":{"rendered":"Minist\u00e9rio P\u00fablico de Minas Gerais denuncia Eduardo Costa por estelionato"},"content":{"rendered":"<p class=\"wp-block-paragraph\">O cantor sertanejo <strong><a href=\"https:\/\/portalpopmais.com.br\/en\/eduardo-costa-proibe-namorada-de-ver-filhos\/\" target=\"_blank\" data-type=\"post\" data-id=\"98438\" rel=\"noreferrer noopener\">Eduardo Costa<\/a><\/strong> est\u00e1 sendo denunciado por estelionato pelo Minist\u00e9rio P\u00fablico de Minas Gerais. A a\u00e7\u00e3o \u00e9 fruto de uma investiga\u00e7\u00e3o que iniciou-se ainda em 2017, quando um casal que adquiriu um im\u00f3vel que pertencia ao m\u00fasico encontrou irregularidades durante o registro do terreno. <\/p>\n\n\n\n<p class=\"wp-block-paragraph\">De acordo com informa\u00e7\u00f5es do G1, a casa luxuosa do cantor e de seu cunhado, Gustavo Caetano da Silva, localizada em Capit\u00f3lio, no sul de Minas Gerais, \u00e9 alvo de uma a\u00e7\u00e3o de reintegra\u00e7\u00e3o de posse e de uma a\u00e7\u00e3o p\u00fablica do Minist\u00e9rio P\u00fablico Federal, que pedia a demoli\u00e7\u00e3o de metade do im\u00f3vel por constru\u00e7\u00e3o inapropriada em \u00e1rea de preserva\u00e7\u00e3o permanente. O Tribunal de Justi\u00e7a de Minas Gerais recebeu a den\u00fancia feita pelo MPMG, no entanto, ela ainda n\u00e3o foi analisada pelo <a href=\"http:\/\/instagram.com\/portalpopmais\" target=\"_blank\" rel=\"noreferrer noopener\">juiz<\/a>.<\/p>\n\n\n\n<p class=\"wp-block-paragraph\">Em 2018, durante depoimento para apura\u00e7\u00e3o do caso, Eduardo Costa afirmou que os compradores da propriedade em Capit\u00f3lio tinha ci\u00eancia das condi\u00e7\u00f5es judiciais do terreno quando aceitou a negocia\u00e7\u00e3o em troca de uma propriedade em Belo Horizonte. <\/p>\n\n\n\n<p class=\"wp-block-paragraph\">Na \u00e9poca, o advogado do casal, Arnaldo Soares Alves contrariou o relato do cantor e disse que seus clientes n\u00e3o tinham ideia das a\u00e7\u00f5es que limitavam o registro legal do im\u00f3vel. Segundo a promotoria respons\u00e1vel pelo epis\u00f3dio, ao omitir informa\u00e7\u00f5es dos negociantes, Eduardo e seu cunhado obtiveram \u2018vantagem il\u00edcita\u2019. <\/p>\n\n\n\n<p class=\"wp-block-paragraph\">At\u00e9 a publica\u00e7\u00e3o desta mat\u00e9ria o cantor n\u00e3o havia se pronunciado sobre as acusa\u00e7\u00f5es. <\/p>","protected":false},"excerpt":{"rendered":"<p>O cantor sertanejo Eduardo Costa est\u00e1 sendo denunciado por estelionato pelo Minist\u00e9rio P\u00fablico de Minas Gerais. A a\u00e7\u00e3o \u00e9 fruto de uma investiga\u00e7\u00e3o que iniciou-se ainda em 2017, quando um casal que adquiriu um im\u00f3vel que pertencia ao m\u00fasico encontrou irregularidades durante o registro do terreno. De acordo com informa\u00e7\u00f5es do G1, a casa luxuosa [&hellip;]<\/p>\n","protected":false},"author":2,"featured_media":78174,"comment_status":"closed","ping_status":"open","sticky":false,"template":"","format":"standard","meta":{"footnotes":""},"categories":[173],"tags":[790],"class_list":["post-98441","post","type-post","status-publish","format-standard","has-post-thumbnail","hentry","category-celebridades","tag-eduardo-costa"],"_links":{"self":[{"href":"https:\/\/portalpopmais.com.br\/en\/wp-json\/wp\/v2\/posts\/98441","targetHints":{"allow":["GET"]}}],"collection":[{"href":"https:\/\/portalpopmais.com.br\/en\/wp-json\/wp\/v2\/posts"}],"about":[{"href":"https:\/\/portalpopmais.com.br\/en\/wp-json\/wp\/v2\/types\/post"}],"author":[{"embeddable":true,"href":"https:\/\/portalpopmais.com.br\/en\/wp-json\/wp\/v2\/users\/2"}],"replies":[{"embeddable":true,"href":"https:\/\/portalpopmais.com.br\/en\/wp-json\/wp\/v2\/comments?post=98441"}],"version-history":[{"count":0,"href":"https:\/\/portalpopmais.com.br\/en\/wp-json\/wp\/v2\/posts\/98441\/revisions"}],"wp:featuredmedia":[{"embeddable":true,"href":"https:\/\/portalpopmais.com.br\/en\/wp-json\/wp\/v2\/media\/78174"}],"wp:attachment":[{"href":"https:\/\/portalpopmais.com.br\/en\/wp-json\/wp\/v2\/media?parent=98441"}],"wp:term":[{"taxonomy":"category","embeddable":true,"href":"https:\/\/portalpopmais.com.br\/en\/wp-json\/wp\/v2\/categories?post=98441"},{"taxonomy":"post_tag","embeddable":true,"href":"https:\/\/portalpopmais.com.br\/en\/wp-json\/wp\/v2\/tags?post=98441"}],"curies":[{"name":"wp","href":"https:\/\/api.w.org\/{rel}","templated":true}]}}