{"id":98523,"date":"2021-12-02T21:15:46","date_gmt":"2021-12-03T00:15:46","guid":{"rendered":"https:\/\/portalpopmais.com.br\/?p=98523"},"modified":"2021-12-02T21:31:09","modified_gmt":"2021-12-03T00:31:09","slug":"letra-pensei-melhor-vitao","status":"publish","type":"post","link":"https:\/\/portalpopmais.com.br\/en\/letra-pensei-melhor-vitao\/","title":{"rendered":"Letra &#8220;Pensei Melhor&#8221; &#8211; Vit\u00e3o"},"content":{"rendered":"<p class=\"wp-block-paragraph\">Artista: <strong><a href=\"http:\/\/instagram.com\/vitao\" target=\"_blank\" rel=\"noreferrer noopener\">Vit\u00e3o<\/a><\/strong><br>M\u00fasica: Pensei Melhor<br>Lan\u00e7amento: <a href=\"http:\/\/portalpopmais.com.br\/en\/\" target=\"_blank\" rel=\"noreferrer noopener\">2 de dezembro de 2021<\/a><\/p>\n\n\n\n<figure class=\"wp-block-embed is-type-video is-provider-youtube wp-block-embed-youtube wp-embed-aspect-16-9 wp-has-aspect-ratio\"><div class=\"wp-block-embed__wrapper\">\n<iframe loading=\"lazy\" title=\"Vit\u00e3o - Pensei Melhor\" width=\"880\" height=\"495\" src=\"https:\/\/www.youtube.com\/embed\/LSJQZU3YbbU?feature=oembed\" frameborder=\"0\" allow=\"accelerometer; autoplay; clipboard-write; encrypted-media; gyroscope; picture-in-picture\" allowfullscreen><\/iframe>\n<\/div><\/figure>\n\n\n\n<h2 class=\"wp-block-heading\">Letra<\/h2>\n\n\n\n<p class=\"wp-block-paragraph\">J\u00e1 sei que eu vou me machucar<br>Deixar de ser eu mesmo e s\u00f3<br>Se voltar atr\u00e1s, perder a paz<br>E a dor que jaz no peito<\/p>\n\n\n\n<p class=\"wp-block-paragraph\">Eu t\u00f4 sem jeito de sorrir<br>Pensei direito e<\/p>\n\n\n\n<p class=\"wp-block-paragraph\">Ganhei vis\u00e3o, pensei melhor<br>J\u00e1 sei de cor tudo que acontece aqui<br>Crescer na vida que ela \u00e9 t\u00e3o bonita n\u00e9<br>Foguete n\u00e3o anda de r\u00e9, c\u00ea sabe, n\u00e3o sabe?<\/p>\n\n\n\n<p class=\"wp-block-paragraph\">Agora tu n\u00e3o me invade eu t\u00f4<br>Cantando em v\u00e1rias cidades eu vou<br>Achar algu\u00e9m da minha idade<br>Ela tamb\u00e9m \u00e9 celebridade<br>Falou que t\u00e1 tudo bem se tiver que seguir com a vida<br>Mas ela \u00e9 minha vida, ou pelo menos uma parte t\u00e3o querida<\/p>\n\n\n\n<p class=\"wp-block-paragraph\">Ela me falou que sorri quando pensa em mim<br>E que vai piscar toda vez que estiver afim<br>Leva o que for bom e eu fico com o que for ruim<br>Meia noite enfim ela me escuta no radinho<br>E s\u00f3 assim pra me tirar de casa<br>Sabe hoje em dia eu n\u00e3o ligo pra nada<br>Tr\u00eas da manh\u00e3 com a mente conturbada<br>Essa madrugada eu pensei em n\u00f3s dois<br>Ahh a saudade bateu aqui, baby eu sou seu f\u00e3<br>Me lembro da gente conversando at\u00e9 de manh\u00e3<br>Depois que c\u00ea foi ficou frio aqui<br>Eu devia ouvir mais meu cora\u00e7\u00e3o<br>E aceitar que voc\u00ea faz bem pra mim<\/p>\n\n\n\n<p class=\"wp-block-paragraph\">J\u00e1 sei que eu vou me machucar<br>Deixar de ser eu mesmo e s\u00f3<br>Se voltar atr\u00e1s, perder a paz<br>E a dor que jaz no peito<br>Eu t\u00f4 sem jeito de sorrir<br>Pensei direito e<\/p>\n\n\n\n<p class=\"wp-block-paragraph\">Todo relacionamento \u00e9 uma<br>At\u00e9 quando a gente pensa que gosta<br>\u00c9 que a gente fica cego e se encosta<br>N\u00e3o gosta de ficar s\u00f3, quase que sente d\u00f3<br>De si mesmo como se n\u00e3o fosse bom<br>Passar um tempo sem ningu\u00e9m puxando o edredom<br>Sabe, ouvir um som<br>Ta tudo bom, baby eu t\u00f4 fazendo can\u00e7\u00e3o<br>S\u00f3 porque tu \u00e9 linda pra cara<\/p>\n\n\n\n<p class=\"wp-block-paragraph\">Mas \u00e9 que tu sabe que tu \u00e9 wtf why<br>Vem devagarinho que muito r\u00e1pido cai<br>Tudo agrade\u00e7o, nada reclamo, f\u00e9 no pai<br>Vem devagarinho vem devagarinho vai<br>Vem daquele jeito que tu gama, vem no pai<br>Dorme na minha cama essa semana toda vai<br>S\u00f3 de brincadeira<\/p>\n\n\n\n<p class=\"wp-block-paragraph\">Ahh a saudade bateu aqui, baby eu sou seu f\u00e3<br>Me lembro da gente conversando at\u00e9 de manh\u00e3<br>Depois que c\u00ea foi ficou frio aqui<br>Eu devia ouvir mais meu cora\u00e7\u00e3o<br>E aceitar que voc\u00ea faz bem pra mim<\/p>\n\n\n\n<p class=\"wp-block-paragraph\">J\u00e1 sei que eu vou me machucar<br>Deixar de ser eu mesmo e s\u00f3<br>Se voltar atr\u00e1s, perder a paz<br>E a dor que jaz no peito<br>Eu t\u00f4 sem jeito de sorrir<br>Pensei direito e<br>me machucar<br>Deixar de ser eu mesmo e s\u00f3<br>Se voltar atr\u00e1s, perder a paz<br>E a dor que jaz no peito<br>Eu t\u00f4 sem jeito de sorrir<br>Pensei direito<\/p>\n\n\n\n<p class=\"wp-block-paragraph\"><\/p>","protected":false},"excerpt":{"rendered":"<p>Artista: Vit\u00e3oM\u00fasica: Pensei MelhorLan\u00e7amento: 2 de dezembro de 2021 Letra J\u00e1 sei que eu vou me machucarDeixar de ser eu mesmo e s\u00f3Se voltar atr\u00e1s, perder a pazE a dor que jaz no peito Eu t\u00f4 sem jeito de sorrirPensei direito e Ganhei vis\u00e3o, pensei melhorJ\u00e1 sei de cor tudo que acontece aquiCrescer na vida [&hellip;]<\/p>\n","protected":false},"author":1,"featured_media":94638,"comment_status":"closed","ping_status":"open","sticky":false,"template":"","format":"standard","meta":{"footnotes":""},"categories":[1],"tags":[8166,2312],"class_list":["post-98523","post","type-post","status-publish","format-standard","has-post-thumbnail","hentry","category-fire2","tag-letras","tag-vitao"],"_links":{"self":[{"href":"https:\/\/portalpopmais.com.br\/en\/wp-json\/wp\/v2\/posts\/98523","targetHints":{"allow":["GET"]}}],"collection":[{"href":"https:\/\/portalpopmais.com.br\/en\/wp-json\/wp\/v2\/posts"}],"about":[{"href":"https:\/\/portalpopmais.com.br\/en\/wp-json\/wp\/v2\/types\/post"}],"author":[{"embeddable":true,"href":"https:\/\/portalpopmais.com.br\/en\/wp-json\/wp\/v2\/users\/1"}],"replies":[{"embeddable":true,"href":"https:\/\/portalpopmais.com.br\/en\/wp-json\/wp\/v2\/comments?post=98523"}],"version-history":[{"count":0,"href":"https:\/\/portalpopmais.com.br\/en\/wp-json\/wp\/v2\/posts\/98523\/revisions"}],"wp:featuredmedia":[{"embeddable":true,"href":"https:\/\/portalpopmais.com.br\/en\/wp-json\/wp\/v2\/media\/94638"}],"wp:attachment":[{"href":"https:\/\/portalpopmais.com.br\/en\/wp-json\/wp\/v2\/media?parent=98523"}],"wp:term":[{"taxonomy":"category","embeddable":true,"href":"https:\/\/portalpopmais.com.br\/en\/wp-json\/wp\/v2\/categories?post=98523"},{"taxonomy":"post_tag","embeddable":true,"href":"https:\/\/portalpopmais.com.br\/en\/wp-json\/wp\/v2\/tags?post=98523"}],"curies":[{"name":"wp","href":"https:\/\/api.w.org\/{rel}","templated":true}]}}