{"id":98920,"date":"2021-12-09T11:22:18","date_gmt":"2021-12-09T14:22:18","guid":{"rendered":"https:\/\/portalpopmais.com.br\/?p=98920"},"modified":"2021-12-09T11:22:22","modified_gmt":"2021-12-09T14:22:22","slug":"letra-telurica-zabele","status":"publish","type":"post","link":"https:\/\/portalpopmais.com.br\/en\/letra-telurica-zabele\/","title":{"rendered":"Letra de &#8220;Tel\u00farica&#8221; &#8211; Zabel\u00ea"},"content":{"rendered":"<p class=\"wp-block-paragraph\">Artista: <strong><a href=\"https:\/\/portalpopmais.com.br\/en\/letra-preta-pretinha-zabele-carlinhos-brown\/\" target=\"_blank\" data-type=\"post\" data-id=\"98916\" rel=\"noreferrer noopener\">Zabel\u00ea<\/a><\/strong><br>M\u00fasica: Tel\u00farica<br>Lan\u00e7amento: <a href=\"https:\/\/www.youtube.com\/watch?v=dRoN1zdSmQE\" target=\"_blank\" rel=\"noreferrer noopener\">9 de dezembro de 2021<\/a><\/p>\n\n\n\n<figure class=\"wp-block-embed is-type-video is-provider-youtube wp-block-embed-youtube wp-embed-aspect-4-3 wp-has-aspect-ratio\"><div class=\"wp-block-embed__wrapper\">\n<iframe loading=\"lazy\" title=\"Tel\u00farica\" width=\"880\" height=\"660\" src=\"https:\/\/www.youtube.com\/embed\/dRoN1zdSmQE?feature=oembed\" frameborder=\"0\" allow=\"accelerometer; autoplay; clipboard-write; encrypted-media; gyroscope; picture-in-picture\" allowfullscreen><\/iframe>\n<\/div><\/figure>\n\n\n\n<h2 class=\"wp-block-heading\">Letra<\/h2>\n\n\n\n<p class=\"wp-block-paragraph\">Vejo o sol e penso em ti<br>Mandes prana para mim<br>Que esses raios de ouro cor<br>Penetrem nos meus chacras<br>Numa onda de amor<\/p>\n\n\n\n<p class=\"wp-block-paragraph\">Vejo o mar e penso em ti<br>Mandes prana para mim<br>Que esse espelho, luz fulgor<br>Penetre nos meus chacras<br>Como uma onda de amor<\/p>\n\n\n\n<p class=\"wp-block-paragraph\">Fecho os olhos, entrego o ser<br>Para ser tel\u00farica<br>Alma e corpo compreender<br>Para ser tel\u00farica<\/p>\n\n\n\n<p class=\"wp-block-paragraph\">Penso em ti no meu agir<br>Para ser tel\u00farica<br>N\u00e3o aceito preconceito<br>Para ser tel\u00farica<br>Para ser tel\u00farica<\/p>\n\n\n\n<p class=\"wp-block-paragraph\">A id\u00e9ia ilumina<br>D\u00e1 o toque e anima<br>O aroma do perfume<br>O lume e o vagalume<\/p>\n\n\n\n<p class=\"wp-block-paragraph\">O pensamento das flores<br>Significado das cores<br>Para ser tel\u00farica<br>Para ser tel\u00farica<br>Para ser tel\u00farica<br>Para ser tel\u00farica<\/p>\n\n\n\n<p class=\"wp-block-paragraph\">Fecho os olhos, entrego o ser<br>Para ser tel\u00farica<br>Alma e corpo compreender<br>Para ser tel\u00farica<\/p>\n\n\n\n<p class=\"wp-block-paragraph\">Penso em ti no meu agir<br>Para ser tel\u00farica<br>N\u00e3o aceito preconceito<br>Para ser tel\u00farica<br>Para ser tel\u00farica<\/p>\n\n\n\n<p class=\"wp-block-paragraph\">A id\u00e9ia ilumina<br>D\u00e1 o toque e anima<br>O aroma do perfume<br>O lume e o vagalume<\/p>\n\n\n\n<p class=\"wp-block-paragraph\">O pensamento das flores<br>Significado das cores<br>Para ser tel\u00farica<br>Para ser tel\u00farica<br>Para ser tel\u00farica<br>Para ser tel\u00farica<br>Para ser tel\u00farica<br>Para ser tel\u00farica<\/p>","protected":false},"excerpt":{"rendered":"<p>Artista: Zabel\u00eaM\u00fasica: Tel\u00faricaLan\u00e7amento: 9 de dezembro de 2021 Letra Vejo o sol e penso em tiMandes prana para mimQue esses raios de ouro corPenetrem nos meus chacrasNuma onda de amor Vejo o mar e penso em tiMandes prana para mimQue esse espelho, luz fulgorPenetre nos meus chacrasComo uma onda de amor Fecho os olhos, entrego [&hellip;]<\/p>\n","protected":false},"author":1,"featured_media":98914,"comment_status":"closed","ping_status":"open","sticky":false,"template":"","format":"standard","meta":{"footnotes":""},"categories":[1],"tags":[8166,10172],"class_list":["post-98920","post","type-post","status-publish","format-standard","has-post-thumbnail","hentry","category-fire2","tag-letras","tag-zabele-2"],"_links":{"self":[{"href":"https:\/\/portalpopmais.com.br\/en\/wp-json\/wp\/v2\/posts\/98920","targetHints":{"allow":["GET"]}}],"collection":[{"href":"https:\/\/portalpopmais.com.br\/en\/wp-json\/wp\/v2\/posts"}],"about":[{"href":"https:\/\/portalpopmais.com.br\/en\/wp-json\/wp\/v2\/types\/post"}],"author":[{"embeddable":true,"href":"https:\/\/portalpopmais.com.br\/en\/wp-json\/wp\/v2\/users\/1"}],"replies":[{"embeddable":true,"href":"https:\/\/portalpopmais.com.br\/en\/wp-json\/wp\/v2\/comments?post=98920"}],"version-history":[{"count":0,"href":"https:\/\/portalpopmais.com.br\/en\/wp-json\/wp\/v2\/posts\/98920\/revisions"}],"wp:featuredmedia":[{"embeddable":true,"href":"https:\/\/portalpopmais.com.br\/en\/wp-json\/wp\/v2\/media\/98914"}],"wp:attachment":[{"href":"https:\/\/portalpopmais.com.br\/en\/wp-json\/wp\/v2\/media?parent=98920"}],"wp:term":[{"taxonomy":"category","embeddable":true,"href":"https:\/\/portalpopmais.com.br\/en\/wp-json\/wp\/v2\/categories?post=98920"},{"taxonomy":"post_tag","embeddable":true,"href":"https:\/\/portalpopmais.com.br\/en\/wp-json\/wp\/v2\/tags?post=98920"}],"curies":[{"name":"wp","href":"https:\/\/api.w.org\/{rel}","templated":true}]}}