{"id":99080,"date":"2021-12-10T00:00:00","date_gmt":"2021-12-10T03:00:00","guid":{"rendered":"https:\/\/portalpopmais.com.br\/?p=99080"},"modified":"2021-12-09T23:07:59","modified_gmt":"2021-12-10T02:07:59","slug":"letra-festa-jovem-lagum","status":"publish","type":"post","link":"https:\/\/portalpopmais.com.br\/en\/letra-festa-jovem-lagum\/","title":{"rendered":"Letra de &#8220;Festa Jovem&#8221; &#8211; Lagum"},"content":{"rendered":"<p>M\u00fasica: Festa Jovem<br>Artista: <a href=\"http:\/\/instagram.com\/lagumof\" target=\"_blank\" data-type=\"URL\" data-id=\"instagram.com\/lagumof\" rel=\"noreferrer noopener\">Lagum<\/a><br>Lan\u00e7amento: <a href=\"http:\/\/portalpopmais.com.br\/en\/?s=letra\" target=\"_blank\" rel=\"noreferrer noopener\">10 de Dezembro de 2021<\/a> <\/p>\n\n\n\n<h2 class=\"wp-block-heading\">Letra<\/h2>\n\n\n\n<p>A festa t\u00e1 rolando<br>Tio, pegar uma l\u00e1. C\u00ea quer?<br>Ei, \u00e9 sem zoeira galera<br>O que? \u00c9 sem zoeira<br>Sem zoeira<br>Calma ai, calma ai, calma ai<br>Chama geral<br>Cad\u00ea, cad\u00ea<\/p>\n\n\n\n<p>S\u00f3 n\u00e3o passei perfume<br>Por que eu tenho alergia<br>Mas caprichei no banho<br>E peguei minha melhor camisa<\/p>\n\n\n\n<p>De bot\u00e3o<br>Estampada de flor<br>Que minha av\u00f3 costurou com amor<br>Preu usar no rol\u00ea<\/p>\n\n\n\n<p>M\u00e3e, onde c\u00ea colocou a chave da caminhonete<br>Me empresta a\u00ed que eu vou buscar o Luisinho<br>Mano, porque voc\u00ea trocou o chaveiro de canivete su\u00ed\u00e7o<br>Eu planejava abrir um vinho<\/p>\n\n\n\n<p>Mas n\u00e3o tem problema<br>Eu vou nem que seja a p\u00e9<br>Na f\u00e9, de que hoje vai ser o dia da minha vida<br>E eu me apaixono a cada passo que eu dou<br>Passou, olhou, j\u00e1 t\u00f4 querendo chamar de amor<\/p>\n\n\n\n<p>J\u00e1 tocou pagode e rock\u2019n\u2019roll<br>Festa Jovem<br>Caetano, RedHot e Tom<br>Festa Jovem<br>Toca aquela do Tim Maia, p\u00f4<br>Festa Jovem<br>E eu nem sei porque voc\u00ea se foi<br>Festa Jovem<\/p>","protected":false},"excerpt":{"rendered":"<p>M\u00fasica: Festa JovemArtista: LagumLan\u00e7amento: 10 de Dezembro de 2021 Letra A festa t\u00e1 rolandoTio, pegar uma l\u00e1. C\u00ea quer?Ei, \u00e9 sem zoeira galeraO que? \u00c9 sem zoeiraSem zoeiraCalma ai, calma ai, calma aiChama geralCad\u00ea, cad\u00ea S\u00f3 n\u00e3o passei perfumePor que eu tenho alergiaMas caprichei no banhoE peguei minha melhor camisa De bot\u00e3oEstampada de florQue minha [&hellip;]<\/p>\n","protected":false},"author":2,"featured_media":99048,"comment_status":"closed","ping_status":"open","sticky":false,"template":"","format":"standard","meta":{"footnotes":""},"categories":[1],"tags":[510,8166],"class_list":["post-99080","post","type-post","status-publish","format-standard","has-post-thumbnail","hentry","category-fire2","tag-lagum","tag-letras"],"_links":{"self":[{"href":"https:\/\/portalpopmais.com.br\/en\/wp-json\/wp\/v2\/posts\/99080","targetHints":{"allow":["GET"]}}],"collection":[{"href":"https:\/\/portalpopmais.com.br\/en\/wp-json\/wp\/v2\/posts"}],"about":[{"href":"https:\/\/portalpopmais.com.br\/en\/wp-json\/wp\/v2\/types\/post"}],"author":[{"embeddable":true,"href":"https:\/\/portalpopmais.com.br\/en\/wp-json\/wp\/v2\/users\/2"}],"replies":[{"embeddable":true,"href":"https:\/\/portalpopmais.com.br\/en\/wp-json\/wp\/v2\/comments?post=99080"}],"version-history":[{"count":0,"href":"https:\/\/portalpopmais.com.br\/en\/wp-json\/wp\/v2\/posts\/99080\/revisions"}],"wp:featuredmedia":[{"embeddable":true,"href":"https:\/\/portalpopmais.com.br\/en\/wp-json\/wp\/v2\/media\/99048"}],"wp:attachment":[{"href":"https:\/\/portalpopmais.com.br\/en\/wp-json\/wp\/v2\/media?parent=99080"}],"wp:term":[{"taxonomy":"category","embeddable":true,"href":"https:\/\/portalpopmais.com.br\/en\/wp-json\/wp\/v2\/categories?post=99080"},{"taxonomy":"post_tag","embeddable":true,"href":"https:\/\/portalpopmais.com.br\/en\/wp-json\/wp\/v2\/tags?post=99080"}],"curies":[{"name":"wp","href":"https:\/\/api.w.org\/{rel}","templated":true}]}}