{"id":99907,"date":"2021-12-21T08:07:32","date_gmt":"2021-12-21T11:07:32","guid":{"rendered":"https:\/\/portalpopmais.com.br\/?p=99907"},"modified":"2021-12-21T08:07:36","modified_gmt":"2021-12-21T11:07:36","slug":"professor-escola-publica-ku-klux-klan","status":"publish","type":"post","link":"https:\/\/portalpopmais.com.br\/en\/professor-escola-publica-ku-klux-klan\/","title":{"rendered":"Professor circula vestido de Ku Klux Klan em escola p\u00fablica; veja v\u00eddeo"},"content":{"rendered":"<p>Um professor de <a href=\"https:\/\/portalpopmais.com.br\/en\/homem-aranha-melhor-estreia-sony-brasil\/\" target=\"_blank\" data-type=\"post\" data-id=\"99646\" rel=\"noreferrer noopener\">hist\u00f3ria<\/a> da Escola Estadual Amaral Vagner, localizada na cidade de Santos Andr\u00e9, causou pol\u00eamica nas redes sociais ap\u00f3s ir trabalhar vestido de Ku Klux Klan &#8211; grupo extremista que defende a supremacia branca.<\/p>\n\n\n\n<p>Em v\u00eddeo que circula nas redes sociais \u00e9 poss\u00edvel ver o homem caminhando de forma tranquila pelo p\u00e1tio da <a href=\"http:\/\/instagram.com\/portalpopmais\" target=\"_blank\" rel=\"noreferrer noopener\">escola<\/a>.<\/p>\n\n\n\n<p>No Twitter, v\u00e1rios internautas criticaram n\u00e3o apenas o professor como a dire\u00e7\u00e3o do col\u00e9gio. &#8220;O nosso estado n\u00e3o pode permitir que um professor de escola p\u00fablica v\u00e1 fantasiado com roupa do grupo supremacista Ku Klux Klan para a escola!&#8221;, disse um perfil.<\/p>\n\n\n\n<figure class=\"wp-block-embed aligncenter is-type-rich is-provider-twitter wp-block-embed-twitter\"><div class=\"wp-block-embed__wrapper\">\n<blockquote class=\"twitter-tweet\" data-width=\"550\" data-dnt=\"true\"><p lang=\"pt\" dir=\"ltr\">Absurdo: Professor de Hist\u00f3ria da Escola Estadual Amaral Vagner, localizada na cidade se Santos Andr\u00e9,  se sentiu \u00e0 vontade para ir trabalhar vestido de Ku Klux Klan! <a href=\"https:\/\/t.co\/xBWEHL2jFA\">pic.twitter.com\/xBWEHL2jFA<\/a><\/p>&mdash; Lia De Sousa (@LiaDeSousa1) <a href=\"https:\/\/twitter.com\/LiaDeSousa1\/status\/1473150391734972418?ref_src=twsrc%5Etfw\" target=\"_blank\" rel=\"noopener\">December 21, 2021<\/a><\/blockquote><script async src=\"https:\/\/platform.twitter.com\/widgets.js\" charset=\"utf-8\"><\/script>\n<\/div><\/figure>\n\n\n\n<figure class=\"wp-block-embed aligncenter is-type-rich is-provider-twitter wp-block-embed-twitter\"><div class=\"wp-block-embed__wrapper\">\n<blockquote class=\"twitter-tweet\" data-width=\"550\" data-dnt=\"true\"><p lang=\"pt\" dir=\"ltr\">INACEIT\u00c1VEL! \ud83d\udeab<br><br>O nosso estado n\u00e3o pode permitir que um professor de escola p\u00fablica v\u00e1 fantasiado com roupa do grupo supremacista Ku Klux Klan para a escola! O caso ocorreu na E.E Amaral Vagner.<br><br>Perdemos muito enquanto sociedade! \ud83d\ude13 <a href=\"https:\/\/t.co\/s65UbOSH2E\">pic.twitter.com\/s65UbOSH2E<\/a><\/p>&mdash; Wesley da Dialogue (@wesleydialogue) <a href=\"https:\/\/twitter.com\/wesleydialogue\/status\/1473073946924834826?ref_src=twsrc%5Etfw\" target=\"_blank\" rel=\"noopener\">December 20, 2021<\/a><\/blockquote><script async src=\"https:\/\/platform.twitter.com\/widgets.js\" charset=\"utf-8\"><\/script>\n<\/div><\/figure>","protected":false},"excerpt":{"rendered":"<p>Um professor de hist\u00f3ria da Escola Estadual Amaral Vagner, localizada na cidade de Santos Andr\u00e9, causou pol\u00eamica nas redes sociais ap\u00f3s ir trabalhar vestido de Ku Klux Klan &#8211; grupo extremista que defende a supremacia branca. Em v\u00eddeo que circula nas redes sociais \u00e9 poss\u00edvel ver o homem caminhando de forma tranquila pelo p\u00e1tio da [&hellip;]<\/p>\n","protected":false},"author":2,"featured_media":99908,"comment_status":"closed","ping_status":"open","sticky":false,"template":"","format":"standard","meta":{"footnotes":""},"categories":[2293,2165],"tags":[10225,733],"class_list":["post-99907","post","type-post","status-publish","format-standard","has-post-thumbnail","hentry","category-internet","category-noticias","tag-ku-klux-klan","tag-twitter"],"_links":{"self":[{"href":"https:\/\/portalpopmais.com.br\/en\/wp-json\/wp\/v2\/posts\/99907","targetHints":{"allow":["GET"]}}],"collection":[{"href":"https:\/\/portalpopmais.com.br\/en\/wp-json\/wp\/v2\/posts"}],"about":[{"href":"https:\/\/portalpopmais.com.br\/en\/wp-json\/wp\/v2\/types\/post"}],"author":[{"embeddable":true,"href":"https:\/\/portalpopmais.com.br\/en\/wp-json\/wp\/v2\/users\/2"}],"replies":[{"embeddable":true,"href":"https:\/\/portalpopmais.com.br\/en\/wp-json\/wp\/v2\/comments?post=99907"}],"version-history":[{"count":0,"href":"https:\/\/portalpopmais.com.br\/en\/wp-json\/wp\/v2\/posts\/99907\/revisions"}],"wp:featuredmedia":[{"embeddable":true,"href":"https:\/\/portalpopmais.com.br\/en\/wp-json\/wp\/v2\/media\/99908"}],"wp:attachment":[{"href":"https:\/\/portalpopmais.com.br\/en\/wp-json\/wp\/v2\/media?parent=99907"}],"wp:term":[{"taxonomy":"category","embeddable":true,"href":"https:\/\/portalpopmais.com.br\/en\/wp-json\/wp\/v2\/categories?post=99907"},{"taxonomy":"post_tag","embeddable":true,"href":"https:\/\/portalpopmais.com.br\/en\/wp-json\/wp\/v2\/tags?post=99907"}],"curies":[{"name":"wp","href":"https:\/\/api.w.org\/{rel}","templated":true}]}}